{"id":2451,"date":"2023-03-11T02:57:37","date_gmt":"2023-03-10T23:57:37","guid":{"rendered":"https:\/\/www.anastasiapopescu.ro\/gradinite\/?p=2451"},"modified":"2023-04-04T03:33:45","modified_gmt":"2023-04-04T00:33:45","slug":"muceniti-impletiti-la-gradinita","status":"publish","type":"post","link":"https:\/\/www.anastasiapopescu.ro\/gradinite\/muceniti-impletiti-la-gradinita\/","title":{"rendered":"Muceni\u021bi \u00eempleti\u021bi la gr\u0103dini\u021b\u0103"},"content":{"rendered":"\n<p class=\"wp-block-paragraph\">Pe 9 martie a fost o zi cu \u00eenc\u0103rc\u0103tur\u0103 special\u0103: la Gr\u0103dini\u021bele \u201eArc-en-Ciel\u201d am vorbit despre Cei 40 Sfin\u021bi Mucenici din Sevastia \u0219i despre modelul m\u0103rturisirii credin\u021bei \u00een Hristos oferit de ace\u0219tia.<\/p>\n\n\n\n<p class=\"wp-block-paragraph\">Apoi, de la mic la mare, am fr\u0103m\u00e2ntat coca \u0219i am \u00eempletit mucenici. Au ie\u0219it foaaaarte gusto\u0219i!<\/p>\n\n\n\n<p class=\"wp-block-paragraph\"><\/p>\n\n\n\n<figure class=\"wp-block-image size-full\"><img loading=\"lazy\" decoding=\"async\" width=\"800\" height=\"518\" src=\"https:\/\/www.anastasiapopescu.ro\/gradinite\/wp-content\/uploads\/Mucenici-mar2023-1.jpg\" alt=\"\" class=\"wp-image-2452\"\/><\/figure>\n\n\n\n<figure class=\"wp-block-image size-full\"><img loading=\"lazy\" decoding=\"async\" width=\"800\" height=\"628\" src=\"https:\/\/www.anastasiapopescu.ro\/gradinite\/wp-content\/uploads\/Mucenici-mar2023-2.jpg\" alt=\"\" class=\"wp-image-2453\"\/><\/figure>\n\n\n\n<figure class=\"wp-block-image size-full\"><img loading=\"lazy\" decoding=\"async\" width=\"800\" height=\"585\" src=\"https:\/\/www.anastasiapopescu.ro\/gradinite\/wp-content\/uploads\/Mucenici-mar2023-3.jpg\" alt=\"\" class=\"wp-image-2454\"\/><\/figure>\n\n\n\n<figure class=\"wp-block-image size-full\"><img loading=\"lazy\" decoding=\"async\" width=\"800\" height=\"573\" src=\"https:\/\/www.anastasiapopescu.ro\/gradinite\/wp-content\/uploads\/Mucenici-mar2023-4.jpg\" alt=\"\" class=\"wp-image-2455\"\/><\/figure>\n\n\n\n<figure class=\"wp-block-image size-full\"><img loading=\"lazy\" decoding=\"async\" width=\"800\" height=\"652\" src=\"https:\/\/www.anastasiapopescu.ro\/gradinite\/wp-content\/uploads\/Mucenici-mar2023-5.jpg\" alt=\"\" class=\"wp-image-2456\"\/><\/figure>\n\n\n\n<figure class=\"wp-block-image size-full\"><img loading=\"lazy\" decoding=\"async\" width=\"800\" height=\"600\" src=\"https:\/\/www.anastasiapopescu.ro\/gradinite\/wp-content\/uploads\/Mucenici-mar2023-6.jpg\" alt=\"\" class=\"wp-image-2457\"\/><\/figure>\n\n\n\n<figure class=\"wp-block-image size-full\"><img loading=\"lazy\" decoding=\"async\" width=\"800\" height=\"600\" src=\"https:\/\/www.anastasiapopescu.ro\/gradinite\/wp-content\/uploads\/Mucenici-mar2023-7.jpg\" alt=\"\" class=\"wp-image-2459\"\/><\/figure>\n\n\n\n<figure class=\"wp-block-image size-full\"><img loading=\"lazy\" decoding=\"async\" width=\"800\" height=\"600\" src=\"https:\/\/www.anastasiapopescu.ro\/gradinite\/wp-content\/uploads\/Mucenici-mar2023-8.jpg\" alt=\"\" class=\"wp-image-2460\"\/><\/figure>\n\n\n\n<figure class=\"wp-block-image size-full\"><img loading=\"lazy\" decoding=\"async\" width=\"800\" height=\"593\" src=\"https:\/\/www.anastasiapopescu.ro\/gradinite\/wp-content\/uploads\/Mucenici-mar2023-9.jpg\" alt=\"\" class=\"wp-image-2461\"\/><\/figure>\n","protected":false},"excerpt":{"rendered":"<p>Pe 9 martie a fost o zi cu \u00eenc\u0103rc\u0103tur\u0103 special\u0103: la Gr\u0103dini\u021bele \u201eArc-en-Ciel\u201d am vorbit despre Cei 40 Sfin\u021bi Mucenici din Sevastia \u0219i despre modelul m\u0103rturisirii credin\u021bei \u00een Hristos oferit de ace\u0219tia. Apoi, de la mic la mare, am fr\u0103m\u00e2ntat coca \u0219i am \u00eempletit mucenici. Au ie\u0219it foaaaarte gusto\u0219i!<\/p>\n","protected":false},"author":5,"featured_media":2462,"comment_status":"open","ping_status":"open","sticky":false,"template":"","format":"standard","meta":{"_et_pb_use_builder":"","_et_pb_old_content":"","_et_gb_content_width":"","_crdt_document":"","footnotes":""},"categories":[10,8],"tags":[125,36,126],"class_list":["post-2451","post","type-post","status-publish","format-standard","has-post-thumbnail","hentry","category-evenimente","category-prima-pagina","tag-bucatarie","tag-gradinitele-arc-en-ciel-2","tag-mucenici"],"_links":{"self":[{"href":"https:\/\/www.anastasiapopescu.ro\/gradinite\/wp-json\/wp\/v2\/posts\/2451","targetHints":{"allow":["GET"]}}],"collection":[{"href":"https:\/\/www.anastasiapopescu.ro\/gradinite\/wp-json\/wp\/v2\/posts"}],"about":[{"href":"https:\/\/www.anastasiapopescu.ro\/gradinite\/wp-json\/wp\/v2\/types\/post"}],"author":[{"embeddable":true,"href":"https:\/\/www.anastasiapopescu.ro\/gradinite\/wp-json\/wp\/v2\/users\/5"}],"replies":[{"embeddable":true,"href":"https:\/\/www.anastasiapopescu.ro\/gradinite\/wp-json\/wp\/v2\/comments?post=2451"}],"version-history":[{"count":2,"href":"https:\/\/www.anastasiapopescu.ro\/gradinite\/wp-json\/wp\/v2\/posts\/2451\/revisions"}],"predecessor-version":[{"id":2464,"href":"https:\/\/www.anastasiapopescu.ro\/gradinite\/wp-json\/wp\/v2\/posts\/2451\/revisions\/2464"}],"wp:featuredmedia":[{"embeddable":true,"href":"https:\/\/www.anastasiapopescu.ro\/gradinite\/wp-json\/wp\/v2\/media\/2462"}],"wp:attachment":[{"href":"https:\/\/www.anastasiapopescu.ro\/gradinite\/wp-json\/wp\/v2\/media?parent=2451"}],"wp:term":[{"taxonomy":"category","embeddable":true,"href":"https:\/\/www.anastasiapopescu.ro\/gradinite\/wp-json\/wp\/v2\/categories?post=2451"},{"taxonomy":"post_tag","embeddable":true,"href":"https:\/\/www.anastasiapopescu.ro\/gradinite\/wp-json\/wp\/v2\/tags?post=2451"}],"curies":[{"name":"wp","href":"https:\/\/api.w.org\/{rel}","templated":true}]}}