{"id":2420,"date":"2022-12-12T00:40:00","date_gmt":"2022-12-11T21:40:00","guid":{"rendered":"https:\/\/www.anastasiapopescu.ro\/gradinite\/?p=2420"},"modified":"2023-01-29T03:07:35","modified_gmt":"2023-01-29T00:07:35","slug":"expozitie-in-clinchete-de-zurgalai","status":"publish","type":"post","link":"https:\/\/www.anastasiapopescu.ro\/gradinite\/expozitie-in-clinchete-de-zurgalai\/","title":{"rendered":"Expozi\u021bie \u00een \u201dClinchete de zurg\u0103l\u0103i\u201d"},"content":{"rendered":"\n<p class=\"wp-block-paragraph\" id=\"block-4015c736-4bfd-4c7d-bce2-4b71d78aa391\">\u201e\u00cen v\u0103zduh, voios r\u0103sun\u0103 clinchete de zurg\u0103l\u0103i.\u201d (\u201eIarna\u201d &#8211; de Vasile Alecsandri)<\/p>\n\n\n\n<p class=\"wp-block-paragraph\" id=\"block-787fb16c-4063-48f5-8aef-e2f93c907e1b\">Cam a\u0219a a fost \u0219i Vernisajul nostru, cu zvon de glasuri voioase ca ni\u0219te zurg\u0103l\u0103i.<\/p>\n\n\n\n<p class=\"wp-block-paragraph\" id=\"block-3a618be2-4b10-4ce0-aaef-1f469cd23e30\">Bucuria c\u0103 ni s-a al\u0103turat, \u00een calitate de curator, Rodica Marinescu, fost redactor la Muzeul \u021a\u0103ranului Rom\u00e2n, coment\u00e2nd din perspectiva specialistului lucr\u0103rile expuse, mai are egal doar \u00een \u201estarea de bine\u201d pe care o transmit copiii care vorbesc minunat despre lucr\u0103rile lor, despre \u201ecaii\u201d pe care i-au pictat, despre \u201ecase\u201d \u0219i \u201ebisericu\u021be\u201d. Iarna noastr\u0103 este vesel\u0103, zglobie \u0219i plin\u0103 de culoare!<\/p>\n\n\n\n<p class=\"wp-block-paragraph\" id=\"block-2d24ef37-ccf9-4f47-8cad-db5f41e41ddf\">Felicit\u0103ri, Maria Cioat\u0103, pentru puterea de a reinventa mereu teme care s\u0103 \u00eei farmece pe copii \u0219i s\u0103 le st\u00e2rneasc\u0103 dorin\u021ba de vis \u0219i de poveste!<\/p>\n\n\n\n<p class=\"wp-block-paragraph\" id=\"block-b3c22b0b-c91d-48a8-b6e2-ef8570064c7a\">prof. <strong>Mona \u0218erb\u0103nescu<\/strong> &#8211; Director General, Liceul Pedagogic \u201dAnastasia Popescu\u201d<\/p>\n\n\n\n<p class=\"wp-block-paragraph\" id=\"block-6cf797fc-69d5-4f03-85fc-7d0c2acfafdd\">\ufeff<\/p>\n\n\n\n<figure class=\"wp-block-image\" id=\"block-b1e2d60f-4521-462c-998d-3a81c0e8cc8e\"><img decoding=\"async\" src=\"https:\/\/www.anastasiapopescu.ro\/scoala\/wp-content\/uploads\/Clinchete-de-zurgalai-dec2022-1-636x900.jpg\" alt=\"Aceast\u0103 imagine are atributul alt gol; numele fi\u0219ierului este Clinchete-de-zurgalai-dec2022-1-636x900.jpg\"\/><\/figure>\n\n\n\n<figure class=\"wp-block-image\" id=\"block-731a68f2-35e8-4bf5-99e5-6ce84cf5e7d9\"><img decoding=\"async\" src=\"https:\/\/www.anastasiapopescu.ro\/scoala\/wp-content\/uploads\/Clinchete-de-zurgalai-dec2022-6.jpg\" alt=\"Aceast\u0103 imagine are atributul alt gol; numele fi\u0219ierului este Clinchete-de-zurgalai-dec2022-6.jpg\"\/><\/figure>\n\n\n\n<figure class=\"wp-block-image\" id=\"block-596e8466-bcc2-4ac9-b088-3110e3e63138\"><img decoding=\"async\" src=\"https:\/\/www.anastasiapopescu.ro\/scoala\/wp-content\/uploads\/Clinchete-de-zurgalai-dec2022-10.jpg\" alt=\"Aceast\u0103 imagine are atributul alt gol; numele fi\u0219ierului este Clinchete-de-zurgalai-dec2022-10.jpg\"\/><\/figure>\n\n\n\n<figure class=\"wp-block-image\" id=\"block-d95d0c6c-9ba0-4d4b-8597-8903b9488629\"><img decoding=\"async\" src=\"https:\/\/www.anastasiapopescu.ro\/scoala\/wp-content\/uploads\/Clinchete-de-zurgalai-dec2022-9.jpg\" alt=\"Aceast\u0103 imagine are atributul alt gol; numele fi\u0219ierului este Clinchete-de-zurgalai-dec2022-9.jpg\"\/><\/figure>\n\n\n\n<figure class=\"wp-block-image\" id=\"block-d5c7c6dc-5131-42e4-903a-81a8da62d766\"><img decoding=\"async\" src=\"https:\/\/www.anastasiapopescu.ro\/scoala\/wp-content\/uploads\/Clinchete-de-zurgalai-dec2022-2.jpg\" alt=\"Aceast\u0103 imagine are atributul alt gol; numele fi\u0219ierului este Clinchete-de-zurgalai-dec2022-2.jpg\"\/><\/figure>\n\n\n\n<figure class=\"wp-block-image\" id=\"block-e5cc93a9-ef84-4ddb-a02b-d4302d164f3e\"><img decoding=\"async\" src=\"https:\/\/www.anastasiapopescu.ro\/scoala\/wp-content\/uploads\/Clinchete-de-zurgalai-dec2022-3.jpg\" alt=\"Aceast\u0103 imagine are atributul alt gol; numele fi\u0219ierului este Clinchete-de-zurgalai-dec2022-3.jpg\"\/><\/figure>\n\n\n\n<figure class=\"wp-block-image\" id=\"block-9f136fc6-ccd5-489c-bfbc-48584eb73e48\"><img decoding=\"async\" src=\"https:\/\/www.anastasiapopescu.ro\/scoala\/wp-content\/uploads\/Clinchete-de-zurgalai-dec2022-4-649x900.jpg\" alt=\"Aceast\u0103 imagine are atributul alt gol; numele fi\u0219ierului este Clinchete-de-zurgalai-dec2022-4-649x900.jpg\"\/><\/figure>\n\n\n\n<figure class=\"wp-block-image\" id=\"block-dc687655-65ee-467f-b366-5bd54fdc6c2f\"><img decoding=\"async\" src=\"https:\/\/www.anastasiapopescu.ro\/scoala\/wp-content\/uploads\/Clinchete-de-zurgalai-dec2022-5.jpg\" alt=\"Aceast\u0103 imagine are atributul alt gol; numele fi\u0219ierului este Clinchete-de-zurgalai-dec2022-5.jpg\"\/><\/figure>\n\n\n\n<figure class=\"wp-block-image\" id=\"block-a32cd285-8e0b-41a5-9be6-b3672bf03d6c\"><img decoding=\"async\" src=\"https:\/\/www.anastasiapopescu.ro\/scoala\/wp-content\/uploads\/Clinchete-de-zurgalai-dec2022-7.jpg\" alt=\"Aceast\u0103 imagine are atributul alt gol; numele fi\u0219ierului este Clinchete-de-zurgalai-dec2022-7.jpg\"\/><\/figure>\n\n\n\n<figure class=\"wp-block-image\" id=\"block-414deb03-93a3-4e59-b397-ce32ca516e05\"><img decoding=\"async\" src=\"https:\/\/www.anastasiapopescu.ro\/scoala\/wp-content\/uploads\/Clinchete-de-zurgalai-dec2022-8.jpg\" alt=\"Aceast\u0103 imagine are atributul alt gol; numele fi\u0219ierului este Clinchete-de-zurgalai-dec2022-8.jpg\"\/><\/figure>\n","protected":false},"excerpt":{"rendered":"<p>\u201e\u00cen v\u0103zduh, voios r\u0103sun\u0103 clinchete de zurg\u0103l\u0103i.\u201d (\u201eIarna\u201d &#8211; de Vasile Alecsandri) Cam a\u0219a a fost \u0219i Vernisajul nostru, cu zvon de glasuri voioase ca ni\u0219te zurg\u0103l\u0103i. Bucuria c\u0103 ni s-a al\u0103turat, \u00een calitate de curator, Rodica Marinescu, fost redactor la Muzeul \u021a\u0103ranului Rom\u00e2n, coment\u00e2nd din perspectiva specialistului lucr\u0103rile expuse, mai are egal doar \u00een [&hellip;]<\/p>\n","protected":false},"author":5,"featured_media":2437,"comment_status":"open","ping_status":"open","sticky":false,"template":"","format":"standard","meta":{"_et_pb_use_builder":"","_et_pb_old_content":"","_et_gb_content_width":"","_crdt_document":"","footnotes":""},"categories":[11,10,8],"tags":[124,92,95,15,17],"class_list":["post-2420","post","type-post","status-publish","format-standard","has-post-thumbnail","hentry","category-arthe","category-evenimente","category-prima-pagina","tag-clubul-de-arta","tag-expozitie","tag-galeria-arthe","tag-gradinitele-arc-en-ciel","tag-liceul-pedagogic-anastasia-popescu"],"_links":{"self":[{"href":"https:\/\/www.anastasiapopescu.ro\/gradinite\/wp-json\/wp\/v2\/posts\/2420","targetHints":{"allow":["GET"]}}],"collection":[{"href":"https:\/\/www.anastasiapopescu.ro\/gradinite\/wp-json\/wp\/v2\/posts"}],"about":[{"href":"https:\/\/www.anastasiapopescu.ro\/gradinite\/wp-json\/wp\/v2\/types\/post"}],"author":[{"embeddable":true,"href":"https:\/\/www.anastasiapopescu.ro\/gradinite\/wp-json\/wp\/v2\/users\/5"}],"replies":[{"embeddable":true,"href":"https:\/\/www.anastasiapopescu.ro\/gradinite\/wp-json\/wp\/v2\/comments?post=2420"}],"version-history":[{"count":1,"href":"https:\/\/www.anastasiapopescu.ro\/gradinite\/wp-json\/wp\/v2\/posts\/2420\/revisions"}],"predecessor-version":[{"id":2422,"href":"https:\/\/www.anastasiapopescu.ro\/gradinite\/wp-json\/wp\/v2\/posts\/2420\/revisions\/2422"}],"wp:featuredmedia":[{"embeddable":true,"href":"https:\/\/www.anastasiapopescu.ro\/gradinite\/wp-json\/wp\/v2\/media\/2437"}],"wp:attachment":[{"href":"https:\/\/www.anastasiapopescu.ro\/gradinite\/wp-json\/wp\/v2\/media?parent=2420"}],"wp:term":[{"taxonomy":"category","embeddable":true,"href":"https:\/\/www.anastasiapopescu.ro\/gradinite\/wp-json\/wp\/v2\/categories?post=2420"},{"taxonomy":"post_tag","embeddable":true,"href":"https:\/\/www.anastasiapopescu.ro\/gradinite\/wp-json\/wp\/v2\/tags?post=2420"}],"curies":[{"name":"wp","href":"https:\/\/api.w.org\/{rel}","templated":true}]}}