{"id":2409,"date":"2022-12-21T00:55:00","date_gmt":"2022-12-20T21:55:00","guid":{"rendered":"https:\/\/www.anastasiapopescu.ro\/gradinite\/?p=2409"},"modified":"2023-01-29T03:00:04","modified_gmt":"2023-01-29T00:00:04","slug":"desert-delicios-la-ora-de-prajitureala","status":"publish","type":"post","link":"https:\/\/www.anastasiapopescu.ro\/gradinite\/desert-delicios-la-ora-de-prajitureala\/","title":{"rendered":"Desert delicios la ora de \u201dpr\u0103jitureal\u0103\u201d"},"content":{"rendered":"\n<p class=\"wp-block-paragraph\">\u00cen preajma s\u0103rb\u0103torilor de Cr\u0103ciun, e vremea buc\u0103t\u0103relii. Iar asta se \u00eent\u00e2mpl\u0103 \u0219i la Gr\u0103dini\u021bele \u201eArc-en-Ciel\u201d, desigur.<\/p>\n\n\n\n<p class=\"wp-block-paragraph\">Un proiect tare \u00eendr\u0103git de cei mici este cel de \u201epr\u0103jitureal\u0103\u201d. Astfel c\u0103, la ora de german\u0103, am intrat \u201cIn der Weihnachtsb\u00e4ckerei\u201c \u0219i am f\u0103cut ni\u0219te Pl\u00e4tzchen delicio\u0219i (f\u0103r\u0103 zah\u0103r \u0219i aditivi), cu ingrediente bio.<\/p>\n\n\n\n<p class=\"wp-block-paragraph\">V\u0103 l\u0103s\u0103m mai jos re\u021beta:<\/p>\n\n\n\n<p class=\"wp-block-paragraph\">&#8211; 2 ou\u0103<\/p>\n\n\n\n<p class=\"wp-block-paragraph\">&#8211; o jum\u0103tate de pachet de unt bio topit<\/p>\n\n\n\n<p class=\"wp-block-paragraph\">&#8211; <a><\/a>pu\u021bin\u0103 scor\u021bi\u0219oar\u0103<\/p>\n\n\n\n<p class=\"wp-block-paragraph\">&#8211; un plic de vanilie<\/p>\n\n\n\n<p class=\"wp-block-paragraph\">&#8211; f\u0103in\u0103 c\u00e2t cuprinde<\/p>\n\n\n\n<p class=\"wp-block-paragraph\">\u00cen func\u021bie de preferin\u021be, se poate ad\u0103uga \u0219i o lingur\u0103 de miere.<\/p>\n\n\n\n<p class=\"wp-block-paragraph\">Se pun toate ingredientele \u00eentr-un castron, se amestec\u0103 bine \u0219i se las\u0103 coca ob\u021binut\u0103 la frigider cam 30 de minute, s\u0103 se odihneasc\u0103.<\/p>\n\n\n\n<p class=\"wp-block-paragraph\">Apoi se \u00eentinde aluatul, se contureaz\u0103 fursecurile (pute\u021bi folosi diferite forme) \u0219i se dau la cuptor. Dac\u0103 dori\u021bi, acestea se pot decora sau se pot servi ca atare.<\/p>\n\n\n\n<p class=\"wp-block-paragraph\">Guten Apettit!<\/p>\n\n\n\n<p class=\"wp-block-paragraph\"><\/p>\n\n\n\n<figure class=\"wp-block-image size-full\"><img loading=\"lazy\" decoding=\"async\" width=\"640\" height=\"310\" src=\"https:\/\/www.anastasiapopescu.ro\/gradinite\/wp-content\/uploads\/Prajitureala-dec2022-1.jpg\" alt=\"\" class=\"wp-image-2427\" srcset=\"https:\/\/www.anastasiapopescu.ro\/gradinite\/wp-content\/uploads\/Prajitureala-dec2022-1.jpg 640w, https:\/\/www.anastasiapopescu.ro\/gradinite\/wp-content\/uploads\/Prajitureala-dec2022-1-480x233.jpg 480w\" sizes=\"(min-width: 0px) and (max-width: 480px) 480px, (min-width: 481px) 640px, 100vw\" \/><\/figure>\n\n\n\n<figure class=\"wp-block-image size-full\"><img loading=\"lazy\" decoding=\"async\" width=\"640\" height=\"480\" src=\"https:\/\/www.anastasiapopescu.ro\/gradinite\/wp-content\/uploads\/Prajitureala-dec2022-2.jpg\" alt=\"\" class=\"wp-image-2428\" srcset=\"https:\/\/www.anastasiapopescu.ro\/gradinite\/wp-content\/uploads\/Prajitureala-dec2022-2.jpg 640w, https:\/\/www.anastasiapopescu.ro\/gradinite\/wp-content\/uploads\/Prajitureala-dec2022-2-480x360.jpg 480w\" sizes=\"(min-width: 0px) and (max-width: 480px) 480px, (min-width: 481px) 640px, 100vw\" \/><\/figure>\n\n\n\n<figure class=\"wp-block-image size-full\"><img loading=\"lazy\" decoding=\"async\" width=\"640\" height=\"480\" src=\"https:\/\/www.anastasiapopescu.ro\/gradinite\/wp-content\/uploads\/Prajitureala-dec2022-3.jpg\" alt=\"\" class=\"wp-image-2429\" srcset=\"https:\/\/www.anastasiapopescu.ro\/gradinite\/wp-content\/uploads\/Prajitureala-dec2022-3.jpg 640w, https:\/\/www.anastasiapopescu.ro\/gradinite\/wp-content\/uploads\/Prajitureala-dec2022-3-480x360.jpg 480w\" sizes=\"(min-width: 0px) and (max-width: 480px) 480px, (min-width: 481px) 640px, 100vw\" \/><\/figure>\n\n\n\n<figure class=\"wp-block-image size-full\"><img loading=\"lazy\" decoding=\"async\" width=\"640\" height=\"404\" src=\"https:\/\/www.anastasiapopescu.ro\/gradinite\/wp-content\/uploads\/Prajitureala-dec2022-4.jpg\" alt=\"\" class=\"wp-image-2430\" srcset=\"https:\/\/www.anastasiapopescu.ro\/gradinite\/wp-content\/uploads\/Prajitureala-dec2022-4.jpg 640w, https:\/\/www.anastasiapopescu.ro\/gradinite\/wp-content\/uploads\/Prajitureala-dec2022-4-480x303.jpg 480w\" sizes=\"(min-width: 0px) and (max-width: 480px) 480px, (min-width: 481px) 640px, 100vw\" \/><\/figure>\n\n\n\n<figure class=\"wp-block-image size-full\"><img loading=\"lazy\" decoding=\"async\" width=\"640\" height=\"480\" src=\"https:\/\/www.anastasiapopescu.ro\/gradinite\/wp-content\/uploads\/Prajitureala-dec2022-5.jpg\" alt=\"\" class=\"wp-image-2431\" srcset=\"https:\/\/www.anastasiapopescu.ro\/gradinite\/wp-content\/uploads\/Prajitureala-dec2022-5.jpg 640w, https:\/\/www.anastasiapopescu.ro\/gradinite\/wp-content\/uploads\/Prajitureala-dec2022-5-480x360.jpg 480w\" sizes=\"(min-width: 0px) and (max-width: 480px) 480px, (min-width: 481px) 640px, 100vw\" \/><\/figure>\n\n\n\n<figure class=\"wp-block-image size-full\"><img loading=\"lazy\" decoding=\"async\" width=\"640\" height=\"428\" src=\"https:\/\/www.anastasiapopescu.ro\/gradinite\/wp-content\/uploads\/Prajitureala-dec2022-6.jpg\" alt=\"\" class=\"wp-image-2432\" srcset=\"https:\/\/www.anastasiapopescu.ro\/gradinite\/wp-content\/uploads\/Prajitureala-dec2022-6.jpg 640w, https:\/\/www.anastasiapopescu.ro\/gradinite\/wp-content\/uploads\/Prajitureala-dec2022-6-480x321.jpg 480w\" sizes=\"(min-width: 0px) and (max-width: 480px) 480px, (min-width: 481px) 640px, 100vw\" \/><\/figure>\n\n\n\n<figure class=\"wp-block-image size-full\"><img loading=\"lazy\" decoding=\"async\" width=\"480\" height=\"640\" src=\"https:\/\/www.anastasiapopescu.ro\/gradinite\/wp-content\/uploads\/Prajitureala-dec2022-7.jpg\" alt=\"\" class=\"wp-image-2433\" srcset=\"https:\/\/www.anastasiapopescu.ro\/gradinite\/wp-content\/uploads\/Prajitureala-dec2022-7.jpg 480w, https:\/\/www.anastasiapopescu.ro\/gradinite\/wp-content\/uploads\/Prajitureala-dec2022-7-240x320.jpg 240w\" sizes=\"(max-width: 480px) 100vw, 480px\" \/><\/figure>\n\n\n\n<figure class=\"wp-block-image size-full\"><img loading=\"lazy\" decoding=\"async\" width=\"640\" height=\"420\" src=\"https:\/\/www.anastasiapopescu.ro\/gradinite\/wp-content\/uploads\/Prajitureala-dec2022-8.jpg\" alt=\"\" class=\"wp-image-2434\" srcset=\"https:\/\/www.anastasiapopescu.ro\/gradinite\/wp-content\/uploads\/Prajitureala-dec2022-8.jpg 640w, https:\/\/www.anastasiapopescu.ro\/gradinite\/wp-content\/uploads\/Prajitureala-dec2022-8-480x315.jpg 480w\" sizes=\"(min-width: 0px) and (max-width: 480px) 480px, (min-width: 481px) 640px, 100vw\" \/><\/figure>\n","protected":false},"excerpt":{"rendered":"<p>\u00cen preajma s\u0103rb\u0103torilor de Cr\u0103ciun, e vremea buc\u0103t\u0103relii. Iar asta se \u00eent\u00e2mpl\u0103 \u0219i la Gr\u0103dini\u021bele \u201eArc-en-Ciel\u201d, desigur. Un proiect tare \u00eendr\u0103git de cei mici este cel de \u201epr\u0103jitureal\u0103\u201d. Astfel c\u0103, la ora de german\u0103, am intrat \u201cIn der Weihnachtsb\u00e4ckerei\u201c \u0219i am f\u0103cut ni\u0219te Pl\u00e4tzchen delicio\u0219i (f\u0103r\u0103 zah\u0103r \u0219i aditivi), cu ingrediente bio. V\u0103 l\u0103s\u0103m mai [&hellip;]<\/p>\n","protected":false},"author":5,"featured_media":2435,"comment_status":"open","ping_status":"open","sticky":false,"template":"","format":"standard","meta":{"_et_pb_use_builder":"","_et_pb_old_content":"","_et_gb_content_width":"","_crdt_document":"","footnotes":""},"categories":[10,8],"tags":[15,76],"class_list":["post-2409","post","type-post","status-publish","format-standard","has-post-thumbnail","hentry","category-evenimente","category-prima-pagina","tag-gradinitele-arc-en-ciel","tag-limba-germana"],"_links":{"self":[{"href":"https:\/\/www.anastasiapopescu.ro\/gradinite\/wp-json\/wp\/v2\/posts\/2409","targetHints":{"allow":["GET"]}}],"collection":[{"href":"https:\/\/www.anastasiapopescu.ro\/gradinite\/wp-json\/wp\/v2\/posts"}],"about":[{"href":"https:\/\/www.anastasiapopescu.ro\/gradinite\/wp-json\/wp\/v2\/types\/post"}],"author":[{"embeddable":true,"href":"https:\/\/www.anastasiapopescu.ro\/gradinite\/wp-json\/wp\/v2\/users\/5"}],"replies":[{"embeddable":true,"href":"https:\/\/www.anastasiapopescu.ro\/gradinite\/wp-json\/wp\/v2\/comments?post=2409"}],"version-history":[{"count":2,"href":"https:\/\/www.anastasiapopescu.ro\/gradinite\/wp-json\/wp\/v2\/posts\/2409\/revisions"}],"predecessor-version":[{"id":2436,"href":"https:\/\/www.anastasiapopescu.ro\/gradinite\/wp-json\/wp\/v2\/posts\/2409\/revisions\/2436"}],"wp:featuredmedia":[{"embeddable":true,"href":"https:\/\/www.anastasiapopescu.ro\/gradinite\/wp-json\/wp\/v2\/media\/2435"}],"wp:attachment":[{"href":"https:\/\/www.anastasiapopescu.ro\/gradinite\/wp-json\/wp\/v2\/media?parent=2409"}],"wp:term":[{"taxonomy":"category","embeddable":true,"href":"https:\/\/www.anastasiapopescu.ro\/gradinite\/wp-json\/wp\/v2\/categories?post=2409"},{"taxonomy":"post_tag","embeddable":true,"href":"https:\/\/www.anastasiapopescu.ro\/gradinite\/wp-json\/wp\/v2\/tags?post=2409"}],"curies":[{"name":"wp","href":"https:\/\/api.w.org\/{rel}","templated":true}]}}