{"id":2314,"date":"2022-02-04T19:02:00","date_gmt":"2022-02-04T16:02:00","guid":{"rendered":"https:\/\/www.anastasiapopescu.ro\/gradinite\/?p=2314"},"modified":"2022-02-23T19:55:23","modified_gmt":"2022-02-23T16:55:23","slug":"carti-dragi-de-ziua-cititului-impreuna","status":"publish","type":"post","link":"https:\/\/www.anastasiapopescu.ro\/gradinite\/carti-dragi-de-ziua-cititului-impreuna\/","title":{"rendered":"C\u0103r\u021bi dragi de Ziua Cititului \u00cempreun\u0103"},"content":{"rendered":"\n<p class=\"wp-block-paragraph\">Pe 2 februarie am s\u0103rb\u0103torit cu to\u021bii  Ziua Cititului \u00cempreun\u0103. Iat\u0103-i pe copiii de la Gr\u0103dini\u021bele \u201eArc-en-Ciel\u201d bucur\u00e2ndu-se de aceast\u0103 zi al\u0103turi de c\u0103r\u021bi, dar \u0219i de colegii lor. <\/p>\n\n\n\n<p class=\"wp-block-paragraph\">Cititul se num\u0103r\u0103 printre activit\u0103\u021bile noastre de zi cu zi, dar cu ocazia Zilei Cititului \u00cempreun\u0103 ne-am bucurat de \u0219i mai multe pove\u0219ti din partea profesorilor \u0219i a colegilor.<\/p>\n\n\n\n<p class=\"wp-block-paragraph\"><\/p>\n\n\n\n<figure class=\"wp-block-video\"><video controls src=\"https:\/\/www.anastasiapopescu.ro\/gradinite\/wp-content\/uploads\/Citit.mp4\"><\/video><\/figure>\n\n\n\n<figure class=\"wp-block-video\"><video controls src=\"https:\/\/www.anastasiapopescu.ro\/gradinite\/wp-content\/uploads\/Citit2.mp4\"><\/video><\/figure>\n","protected":false},"excerpt":{"rendered":"<p>Pe 2 februarie am s\u0103rb\u0103torit cu to\u021bii Ziua Cititului \u00cempreun\u0103. Iat\u0103-i pe copiii de la Gr\u0103dini\u021bele \u201eArc-en-Ciel\u201d bucur\u00e2ndu-se de aceast\u0103 zi al\u0103turi de c\u0103r\u021bi, dar \u0219i de colegii lor. Cititul se num\u0103r\u0103 printre activit\u0103\u021bile noastre de zi cu zi, dar cu ocazia Zilei Cititului \u00cempreun\u0103 ne-am bucurat de \u0219i mai multe pove\u0219ti din partea profesorilor [&hellip;]<\/p>\n","protected":false},"author":5,"featured_media":2323,"comment_status":"open","ping_status":"open","sticky":false,"template":"","format":"standard","meta":{"_et_pb_use_builder":"","_et_pb_old_content":"","_et_gb_content_width":"","_crdt_document":"","footnotes":""},"categories":[10,8],"tags":[15,16],"class_list":["post-2314","post","type-post","status-publish","format-standard","has-post-thumbnail","hentry","category-evenimente","category-prima-pagina","tag-gradinitele-arc-en-ciel","tag-ziua-internationala-a-cititului-impreuna"],"_links":{"self":[{"href":"https:\/\/www.anastasiapopescu.ro\/gradinite\/wp-json\/wp\/v2\/posts\/2314","targetHints":{"allow":["GET"]}}],"collection":[{"href":"https:\/\/www.anastasiapopescu.ro\/gradinite\/wp-json\/wp\/v2\/posts"}],"about":[{"href":"https:\/\/www.anastasiapopescu.ro\/gradinite\/wp-json\/wp\/v2\/types\/post"}],"author":[{"embeddable":true,"href":"https:\/\/www.anastasiapopescu.ro\/gradinite\/wp-json\/wp\/v2\/users\/5"}],"replies":[{"embeddable":true,"href":"https:\/\/www.anastasiapopescu.ro\/gradinite\/wp-json\/wp\/v2\/comments?post=2314"}],"version-history":[{"count":2,"href":"https:\/\/www.anastasiapopescu.ro\/gradinite\/wp-json\/wp\/v2\/posts\/2314\/revisions"}],"predecessor-version":[{"id":2324,"href":"https:\/\/www.anastasiapopescu.ro\/gradinite\/wp-json\/wp\/v2\/posts\/2314\/revisions\/2324"}],"wp:featuredmedia":[{"embeddable":true,"href":"https:\/\/www.anastasiapopescu.ro\/gradinite\/wp-json\/wp\/v2\/media\/2323"}],"wp:attachment":[{"href":"https:\/\/www.anastasiapopescu.ro\/gradinite\/wp-json\/wp\/v2\/media?parent=2314"}],"wp:term":[{"taxonomy":"category","embeddable":true,"href":"https:\/\/www.anastasiapopescu.ro\/gradinite\/wp-json\/wp\/v2\/categories?post=2314"},{"taxonomy":"post_tag","embeddable":true,"href":"https:\/\/www.anastasiapopescu.ro\/gradinite\/wp-json\/wp\/v2\/tags?post=2314"}],"curies":[{"name":"wp","href":"https:\/\/api.w.org\/{rel}","templated":true}]}}