{"id":2305,"date":"2022-01-26T20:08:00","date_gmt":"2022-01-26T17:08:00","guid":{"rendered":"https:\/\/www.anastasiapopescu.ro\/gradinite\/?p=2305"},"modified":"2022-02-03T21:15:57","modified_gmt":"2022-02-03T18:15:57","slug":"asa-s-a-facut-unirea","status":"publish","type":"post","link":"https:\/\/www.anastasiapopescu.ro\/gradinite\/asa-s-a-facut-unirea\/","title":{"rendered":"A\u0219a s-a f\u0103cut Unirea!"},"content":{"rendered":"\n<p class=\"wp-block-paragraph\">Furnicutele de la Gr\u0103dini\u021bele \u201eArc-en-Ciel\u201d au \u00een\u021beles c\u0103 istoria nu este grea, mai ales atunci c\u00e2nd predarea este \u00eenso\u021bit\u0103 de juc\u0103rii pe placul lor. \u021a\u0103rile Rom\u00e2ne din piese Lego s-au unit sub conducerea lui Alexandru Ioan Cuza, iat\u0103 o poveste care poate fi recreat\u0103 iar \u0219i iar, sub ochii aten\u021bi ai colegilor, pe m\u0103su\u021ba de joc.<\/p>\n\n\n\n<p class=\"wp-block-paragraph\"><\/p>\n\n\n\n<figure class=\"wp-block-video\"><video height=\"720\" style=\"aspect-ratio: 1280 \/ 720;\" width=\"1280\" controls src=\"https:\/\/www.anastasiapopescu.ro\/gradinite\/wp-content\/uploads\/Unirea-Cuza-ian2022.mp4\"><\/video><\/figure>\n","protected":false},"excerpt":{"rendered":"<p>Furnicutele de la Gr\u0103dini\u021bele \u201eArc-en-Ciel\u201d au \u00een\u021beles c\u0103 istoria nu este grea, mai ales atunci c\u00e2nd predarea este \u00eenso\u021bit\u0103 de juc\u0103rii pe placul lor. \u021a\u0103rile Rom\u00e2ne din piese Lego s-au unit sub conducerea lui Alexandru Ioan Cuza, iat\u0103 o poveste care poate fi recreat\u0103 iar \u0219i iar, sub ochii aten\u021bi ai colegilor, pe m\u0103su\u021ba de [&hellip;]<\/p>\n","protected":false},"author":2,"featured_media":2308,"comment_status":"open","ping_status":"open","sticky":false,"template":"","format":"standard","meta":{"_et_pb_use_builder":"","_et_pb_old_content":"","_et_gb_content_width":"","_crdt_document":"","footnotes":""},"categories":[10],"tags":[15,18],"class_list":["post-2305","post","type-post","status-publish","format-standard","has-post-thumbnail","hentry","category-evenimente","tag-gradinitele-arc-en-ciel","tag-unirea-principatelor-romane"],"_links":{"self":[{"href":"https:\/\/www.anastasiapopescu.ro\/gradinite\/wp-json\/wp\/v2\/posts\/2305","targetHints":{"allow":["GET"]}}],"collection":[{"href":"https:\/\/www.anastasiapopescu.ro\/gradinite\/wp-json\/wp\/v2\/posts"}],"about":[{"href":"https:\/\/www.anastasiapopescu.ro\/gradinite\/wp-json\/wp\/v2\/types\/post"}],"author":[{"embeddable":true,"href":"https:\/\/www.anastasiapopescu.ro\/gradinite\/wp-json\/wp\/v2\/users\/2"}],"replies":[{"embeddable":true,"href":"https:\/\/www.anastasiapopescu.ro\/gradinite\/wp-json\/wp\/v2\/comments?post=2305"}],"version-history":[{"count":1,"href":"https:\/\/www.anastasiapopescu.ro\/gradinite\/wp-json\/wp\/v2\/posts\/2305\/revisions"}],"predecessor-version":[{"id":2309,"href":"https:\/\/www.anastasiapopescu.ro\/gradinite\/wp-json\/wp\/v2\/posts\/2305\/revisions\/2309"}],"wp:featuredmedia":[{"embeddable":true,"href":"https:\/\/www.anastasiapopescu.ro\/gradinite\/wp-json\/wp\/v2\/media\/2308"}],"wp:attachment":[{"href":"https:\/\/www.anastasiapopescu.ro\/gradinite\/wp-json\/wp\/v2\/media?parent=2305"}],"wp:term":[{"taxonomy":"category","embeddable":true,"href":"https:\/\/www.anastasiapopescu.ro\/gradinite\/wp-json\/wp\/v2\/categories?post=2305"},{"taxonomy":"post_tag","embeddable":true,"href":"https:\/\/www.anastasiapopescu.ro\/gradinite\/wp-json\/wp\/v2\/tags?post=2305"}],"curies":[{"name":"wp","href":"https:\/\/api.w.org\/{rel}","templated":true}]}}