{"id":2299,"date":"2022-01-25T16:17:00","date_gmt":"2022-01-25T13:17:00","guid":{"rendered":"https:\/\/www.anastasiapopescu.ro\/gradinite\/?p=2299"},"modified":"2022-01-26T17:21:36","modified_gmt":"2022-01-26T14:21:36","slug":"hai-sa-dam-mana-cu-mana-2","status":"publish","type":"post","link":"https:\/\/www.anastasiapopescu.ro\/gradinite\/hai-sa-dam-mana-cu-mana-2\/","title":{"rendered":"\u201dHai s\u0103 d\u0103m m\u00e2n\u0103 cu m\u00e2n\u0103!\u201d"},"content":{"rendered":"\n<p class=\"wp-block-paragraph\">A fost s\u0103rb\u0103toare la Gr\u0103dini\u021bele \u201dArc-en-Ciel\u201d! Copiii s-au prins \u00een Hora Unirii, \u00eennobila\u021bi de costume populare.<\/p>\n\n\n\n<p class=\"wp-block-paragraph\"><\/p>\n\n\n\n<figure class=\"wp-block-video\"><video height=\"720\" style=\"aspect-ratio: 1280 \/ 720;\" width=\"1280\" controls src=\"https:\/\/www.anastasiapopescu.ro\/gradinite\/wp-content\/uploads\/Hora-Unirii-gradi.mp4\"><\/video><\/figure>\n","protected":false},"excerpt":{"rendered":"<p>A fost s\u0103rb\u0103toare la Gr\u0103dini\u021bele \u201dArc-en-Ciel\u201d! Copiii s-au prins \u00een Hora Unirii, \u00eennobila\u021bi de costume populare.<\/p>\n","protected":false},"author":2,"featured_media":2301,"comment_status":"open","ping_status":"open","sticky":false,"template":"","format":"standard","meta":{"_et_pb_use_builder":"","_et_pb_old_content":"","_et_gb_content_width":"","_crdt_document":"","footnotes":""},"categories":[10,8],"tags":[15,19,18],"class_list":["post-2299","post","type-post","status-publish","format-standard","has-post-thumbnail","hentry","category-evenimente","category-prima-pagina","tag-gradinitele-arc-en-ciel","tag-hora-unirii","tag-unirea-principatelor-romane"],"_links":{"self":[{"href":"https:\/\/www.anastasiapopescu.ro\/gradinite\/wp-json\/wp\/v2\/posts\/2299","targetHints":{"allow":["GET"]}}],"collection":[{"href":"https:\/\/www.anastasiapopescu.ro\/gradinite\/wp-json\/wp\/v2\/posts"}],"about":[{"href":"https:\/\/www.anastasiapopescu.ro\/gradinite\/wp-json\/wp\/v2\/types\/post"}],"author":[{"embeddable":true,"href":"https:\/\/www.anastasiapopescu.ro\/gradinite\/wp-json\/wp\/v2\/users\/2"}],"replies":[{"embeddable":true,"href":"https:\/\/www.anastasiapopescu.ro\/gradinite\/wp-json\/wp\/v2\/comments?post=2299"}],"version-history":[{"count":1,"href":"https:\/\/www.anastasiapopescu.ro\/gradinite\/wp-json\/wp\/v2\/posts\/2299\/revisions"}],"predecessor-version":[{"id":2302,"href":"https:\/\/www.anastasiapopescu.ro\/gradinite\/wp-json\/wp\/v2\/posts\/2299\/revisions\/2302"}],"wp:featuredmedia":[{"embeddable":true,"href":"https:\/\/www.anastasiapopescu.ro\/gradinite\/wp-json\/wp\/v2\/media\/2301"}],"wp:attachment":[{"href":"https:\/\/www.anastasiapopescu.ro\/gradinite\/wp-json\/wp\/v2\/media?parent=2299"}],"wp:term":[{"taxonomy":"category","embeddable":true,"href":"https:\/\/www.anastasiapopescu.ro\/gradinite\/wp-json\/wp\/v2\/categories?post=2299"},{"taxonomy":"post_tag","embeddable":true,"href":"https:\/\/www.anastasiapopescu.ro\/gradinite\/wp-json\/wp\/v2\/tags?post=2299"}],"curies":[{"name":"wp","href":"https:\/\/api.w.org\/{rel}","templated":true}]}}