{"id":2239,"date":"2021-12-07T15:59:00","date_gmt":"2021-12-07T12:59:00","guid":{"rendered":"https:\/\/www.anastasiapopescu.ro\/gradinite\/?p=2239"},"modified":"2021-12-10T16:43:05","modified_gmt":"2021-12-10T13:43:05","slug":"am-primit-cu-drag-daruri-de-sfantul-nicolae","status":"publish","type":"post","link":"https:\/\/www.anastasiapopescu.ro\/gradinite\/am-primit-cu-drag-daruri-de-sfantul-nicolae\/","title":{"rendered":"Am primit cu drag daruri de Sf\u00e2ntul Nicolae"},"content":{"rendered":"\n<p class=\"wp-block-paragraph\">Sf\u00e2ntul Nicolae deschide sezonul s\u0103rb\u0103torilor!<\/p>\n\n\n\n<p class=\"wp-block-paragraph\">Bine\u00een\u021beles c\u0103 a ajuns \u0219i la Gr\u0103dini\u021bele \u201eArc-en-Ciel\u201d &amp; Liceul Pedagogic \u201eAnastasia Popescu&#8221;, unde copiii l-au a\u0219teptat cu drag \u0219i bucurie!<\/p>\n\n\n\n<p class=\"wp-block-paragraph\">\u201dDumnezeu s\u0103 ne ajute \u015fi Sf\u00e2ntul Nicolae s\u0103 nu lipseasc\u0103 \u015fi s\u0103 ne scoat\u0103 mereu din volbura asta ur\u00e2t\u0103 ca s\u0103 ajungem \u015fi noi s\u0103 ne spun\u0103 M\u00e2ntuitorul: \u201eVeni\u0163i, binecuv\u00e2nta\u0163ii Tat\u0103lui Meu \u015fi mo\u015fteni\u0163i \u00eemp\u0103r\u0103\u0163ia\u201d la care a lucrat \u015fi Sf\u00e2ntul Nicolae. V\u0103 ur\u0103m \u201emul\u0163i ani!\u201d celor care purta\u0163i bogatul nume de Nicolae (care \u00eenseamn\u0103 \u201ebiruitor de popoare\u201d &#8211; \u201ebiruitor\u201d \u00een sensul bun, \u00een limba greac\u0103 \u201eniko\u201d \u00eenseamn\u0103 \u201ea birui\u201d \u015fi \u201elaos\u201d = popor, deci Nikolaos &#8211; \u201eomul care biruie popoarele\u201d, \u00een sensul bun, \u00een sensul de \u201econduc\u0103tor\u201d). Deci tuturor cu numele de Nicolae, Niculina, Nicoleta \u015fi alte derivate v\u0103 dorim bl\u00e2nde\u0163ea, frumuse\u0163ea, bog\u0103\u0163ia sufleteasc\u0103 a sf\u00e2ntului al c\u0103rui nume \u00eel purta\u0163i. La mul\u0163i ani! <\/p>\n\n\n\n<p class=\"wp-block-paragraph\">Pr. <strong><em>Prof. Ion Buga<\/em><\/strong> (fragment din cartea &#8222;Mergi si spune cat bine ti-a facut tie Dumnezeu. Predici vol. IV&#8217;, Editura Sfantul Gheorghe Vechi)<\/p>\n\n\n\n<p class=\"wp-block-paragraph\"><\/p>\n\n\n\n<figure class=\"wp-block-image size-full\"><img loading=\"lazy\" decoding=\"async\" width=\"765\" height=\"811\" src=\"https:\/\/www.anastasiapopescu.ro\/gradinite\/wp-content\/uploads\/Mos-Nicolae-1.jpg\" alt=\"\" class=\"wp-image-2241\" srcset=\"https:\/\/www.anastasiapopescu.ro\/gradinite\/wp-content\/uploads\/Mos-Nicolae-1.jpg 765w, https:\/\/www.anastasiapopescu.ro\/gradinite\/wp-content\/uploads\/Mos-Nicolae-1-480x509.jpg 480w\" sizes=\"(min-width: 0px) and (max-width: 480px) 480px, (min-width: 481px) 765px, 100vw\" \/><\/figure>\n\n\n\n<figure class=\"wp-block-image size-full\"><img loading=\"lazy\" decoding=\"async\" width=\"640\" height=\"640\" src=\"https:\/\/www.anastasiapopescu.ro\/gradinite\/wp-content\/uploads\/Mos-Nicolae-3.jpg\" alt=\"\" class=\"wp-image-2242\" srcset=\"https:\/\/www.anastasiapopescu.ro\/gradinite\/wp-content\/uploads\/Mos-Nicolae-3.jpg 640w, https:\/\/www.anastasiapopescu.ro\/gradinite\/wp-content\/uploads\/Mos-Nicolae-3-480x480.jpg 480w\" sizes=\"(min-width: 0px) and (max-width: 480px) 480px, (min-width: 481px) 640px, 100vw\" \/><\/figure>\n\n\n\n<figure class=\"wp-block-image size-full\"><img loading=\"lazy\" decoding=\"async\" width=\"800\" height=\"800\" src=\"https:\/\/www.anastasiapopescu.ro\/gradinite\/wp-content\/uploads\/Mos-Nicolae-4.jpg\" alt=\"\" class=\"wp-image-2243\" srcset=\"https:\/\/www.anastasiapopescu.ro\/gradinite\/wp-content\/uploads\/Mos-Nicolae-4.jpg 800w, https:\/\/www.anastasiapopescu.ro\/gradinite\/wp-content\/uploads\/Mos-Nicolae-4-480x480.jpg 480w\" sizes=\"(min-width: 0px) and (max-width: 480px) 480px, (min-width: 481px) 800px, 100vw\" \/><\/figure>\n\n\n\n<figure class=\"wp-block-image size-full\"><img loading=\"lazy\" decoding=\"async\" width=\"640\" height=\"640\" src=\"https:\/\/www.anastasiapopescu.ro\/gradinite\/wp-content\/uploads\/Mos-Nicolae-5.jpg\" alt=\"\" class=\"wp-image-2244\" srcset=\"https:\/\/www.anastasiapopescu.ro\/gradinite\/wp-content\/uploads\/Mos-Nicolae-5.jpg 640w, https:\/\/www.anastasiapopescu.ro\/gradinite\/wp-content\/uploads\/Mos-Nicolae-5-480x480.jpg 480w\" sizes=\"(min-width: 0px) and (max-width: 480px) 480px, (min-width: 481px) 640px, 100vw\" \/><\/figure>\n\n\n\n<figure class=\"wp-block-image size-large\"><img loading=\"lazy\" decoding=\"async\" width=\"675\" height=\"900\" src=\"https:\/\/www.anastasiapopescu.ro\/gradinite\/wp-content\/uploads\/Mos-Nicolae-2-675x900.jpg\" alt=\"\" class=\"wp-image-2245\" srcset=\"https:\/\/www.anastasiapopescu.ro\/gradinite\/wp-content\/uploads\/Mos-Nicolae-2-675x900.jpg 675w, https:\/\/www.anastasiapopescu.ro\/gradinite\/wp-content\/uploads\/Mos-Nicolae-2-480x640.jpg 480w\" sizes=\"(min-width: 0px) and (max-width: 480px) 480px, (min-width: 481px) 675px, 100vw\" \/><\/figure>\n\n\n\n<figure class=\"wp-block-image size-full\"><img loading=\"lazy\" decoding=\"async\" width=\"640\" height=\"640\" src=\"https:\/\/www.anastasiapopescu.ro\/gradinite\/wp-content\/uploads\/Mos-Nicolae-6.jpg\" alt=\"\" class=\"wp-image-2246\" srcset=\"https:\/\/www.anastasiapopescu.ro\/gradinite\/wp-content\/uploads\/Mos-Nicolae-6.jpg 640w, https:\/\/www.anastasiapopescu.ro\/gradinite\/wp-content\/uploads\/Mos-Nicolae-6-480x480.jpg 480w\" sizes=\"(min-width: 0px) and (max-width: 480px) 480px, (min-width: 481px) 640px, 100vw\" \/><\/figure>\n\n\n\n<figure class=\"wp-block-image size-large\"><img loading=\"lazy\" decoding=\"async\" width=\"675\" height=\"900\" src=\"https:\/\/www.anastasiapopescu.ro\/gradinite\/wp-content\/uploads\/Mos-Nicolae-7-675x900.jpg\" alt=\"\" class=\"wp-image-2247\" srcset=\"https:\/\/www.anastasiapopescu.ro\/gradinite\/wp-content\/uploads\/Mos-Nicolae-7-675x900.jpg 675w, https:\/\/www.anastasiapopescu.ro\/gradinite\/wp-content\/uploads\/Mos-Nicolae-7-480x640.jpg 480w\" sizes=\"(min-width: 0px) and (max-width: 480px) 480px, (min-width: 481px) 675px, 100vw\" \/><\/figure>\n","protected":false},"excerpt":{"rendered":"<p>Sf\u00e2ntul Nicolae deschide sezonul s\u0103rb\u0103torilor! Bine\u00een\u021beles c\u0103 a ajuns \u0219i la Gr\u0103dini\u021bele \u201eArc-en-Ciel\u201d &amp; Liceul Pedagogic \u201eAnastasia Popescu&#8221;, unde copiii l-au a\u0219teptat cu drag \u0219i bucurie! \u201dDumnezeu s\u0103 ne ajute \u015fi Sf\u00e2ntul Nicolae s\u0103 nu lipseasc\u0103 \u015fi s\u0103 ne scoat\u0103 mereu din volbura asta ur\u00e2t\u0103 ca s\u0103 ajungem \u015fi noi s\u0103 ne spun\u0103 M\u00e2ntuitorul: \u201eVeni\u0163i, [&hellip;]<\/p>\n","protected":false},"author":2,"featured_media":2240,"comment_status":"open","ping_status":"open","sticky":false,"template":"","format":"standard","meta":{"_et_pb_use_builder":"","_et_pb_old_content":"","_et_gb_content_width":"","_crdt_document":"","footnotes":""},"categories":[10,8],"tags":[15,116],"class_list":["post-2239","post","type-post","status-publish","format-standard","has-post-thumbnail","hentry","category-evenimente","category-prima-pagina","tag-gradinitele-arc-en-ciel","tag-sfantul-nicolae"],"_links":{"self":[{"href":"https:\/\/www.anastasiapopescu.ro\/gradinite\/wp-json\/wp\/v2\/posts\/2239","targetHints":{"allow":["GET"]}}],"collection":[{"href":"https:\/\/www.anastasiapopescu.ro\/gradinite\/wp-json\/wp\/v2\/posts"}],"about":[{"href":"https:\/\/www.anastasiapopescu.ro\/gradinite\/wp-json\/wp\/v2\/types\/post"}],"author":[{"embeddable":true,"href":"https:\/\/www.anastasiapopescu.ro\/gradinite\/wp-json\/wp\/v2\/users\/2"}],"replies":[{"embeddable":true,"href":"https:\/\/www.anastasiapopescu.ro\/gradinite\/wp-json\/wp\/v2\/comments?post=2239"}],"version-history":[{"count":2,"href":"https:\/\/www.anastasiapopescu.ro\/gradinite\/wp-json\/wp\/v2\/posts\/2239\/revisions"}],"predecessor-version":[{"id":2249,"href":"https:\/\/www.anastasiapopescu.ro\/gradinite\/wp-json\/wp\/v2\/posts\/2239\/revisions\/2249"}],"wp:featuredmedia":[{"embeddable":true,"href":"https:\/\/www.anastasiapopescu.ro\/gradinite\/wp-json\/wp\/v2\/media\/2240"}],"wp:attachment":[{"href":"https:\/\/www.anastasiapopescu.ro\/gradinite\/wp-json\/wp\/v2\/media?parent=2239"}],"wp:term":[{"taxonomy":"category","embeddable":true,"href":"https:\/\/www.anastasiapopescu.ro\/gradinite\/wp-json\/wp\/v2\/categories?post=2239"},{"taxonomy":"post_tag","embeddable":true,"href":"https:\/\/www.anastasiapopescu.ro\/gradinite\/wp-json\/wp\/v2\/tags?post=2239"}],"curies":[{"name":"wp","href":"https:\/\/api.w.org\/{rel}","templated":true}]}}