{"id":2213,"date":"2021-10-29T12:12:00","date_gmt":"2021-10-29T09:12:00","guid":{"rendered":"https:\/\/www.anastasiapopescu.ro\/gradinite\/?p=2213"},"modified":"2021-10-29T15:33:04","modified_gmt":"2021-10-29T12:33:04","slug":"desenul-frunzelor","status":"publish","type":"post","link":"https:\/\/www.anastasiapopescu.ro\/gradinite\/desenul-frunzelor\/","title":{"rendered":"Desenul frunzelor de toamn\u0103"},"content":{"rendered":"\n<p class=\"has-normal-font-size wp-block-paragraph\">C\u00e2nd frunzele copacilor au \u00eenceput s\u0103 se desprind\u0103 de pe ramuri, copiii de la Gr\u0103dini\u021bele \u201eArc-en-Ciel&#8221; le-au prins u\u0219or din zborul lor \u0219i le-au transformat \u00een art\u0103.  Frunze mici, mari, rotunde sau lunguie\u021be au luat forma unor personaje vesele \u0219i colorate, ner\u0103bd\u0103toare s\u0103 \u00ee\u0219i spun\u0103 povestea.<\/p>\n\n\n\n<p class=\"has-normal-font-size wp-block-paragraph\"><\/p>\n\n\n\n<figure class=\"wp-block-image size-full\"><img loading=\"lazy\" decoding=\"async\" width=\"800\" height=\"472\" src=\"https:\/\/www.anastasiapopescu.ro\/gradinite\/wp-content\/uploads\/frunze-1.jpg\" alt=\"\" class=\"wp-image-2214\" srcset=\"https:\/\/www.anastasiapopescu.ro\/gradinite\/wp-content\/uploads\/frunze-1.jpg 800w, https:\/\/www.anastasiapopescu.ro\/gradinite\/wp-content\/uploads\/frunze-1-480x283.jpg 480w\" sizes=\"(min-width: 0px) and (max-width: 480px) 480px, (min-width: 481px) 800px, 100vw\" \/><\/figure>\n\n\n\n<figure class=\"wp-block-image size-full\"><img loading=\"lazy\" decoding=\"async\" width=\"800\" height=\"533\" src=\"https:\/\/www.anastasiapopescu.ro\/gradinite\/wp-content\/uploads\/frunze-2.jpg\" alt=\"\" class=\"wp-image-2215\" srcset=\"https:\/\/www.anastasiapopescu.ro\/gradinite\/wp-content\/uploads\/frunze-2.jpg 800w, https:\/\/www.anastasiapopescu.ro\/gradinite\/wp-content\/uploads\/frunze-2-480x320.jpg 480w\" sizes=\"(min-width: 0px) and (max-width: 480px) 480px, (min-width: 481px) 800px, 100vw\" \/><\/figure>\n\n\n\n<figure class=\"wp-block-image size-full\"><img loading=\"lazy\" decoding=\"async\" width=\"800\" height=\"518\" src=\"https:\/\/www.anastasiapopescu.ro\/gradinite\/wp-content\/uploads\/frunze-3.jpg\" alt=\"\" class=\"wp-image-2216\" srcset=\"https:\/\/www.anastasiapopescu.ro\/gradinite\/wp-content\/uploads\/frunze-3.jpg 800w, https:\/\/www.anastasiapopescu.ro\/gradinite\/wp-content\/uploads\/frunze-3-480x311.jpg 480w\" sizes=\"(min-width: 0px) and (max-width: 480px) 480px, (min-width: 481px) 800px, 100vw\" \/><\/figure>\n\n\n\n<figure class=\"wp-block-image size-full\"><img loading=\"lazy\" decoding=\"async\" width=\"726\" height=\"850\" src=\"https:\/\/www.anastasiapopescu.ro\/gradinite\/wp-content\/uploads\/frunze-5.jpg\" alt=\"\" class=\"wp-image-2217\" srcset=\"https:\/\/www.anastasiapopescu.ro\/gradinite\/wp-content\/uploads\/frunze-5.jpg 726w, https:\/\/www.anastasiapopescu.ro\/gradinite\/wp-content\/uploads\/frunze-5-480x562.jpg 480w\" sizes=\"(min-width: 0px) and (max-width: 480px) 480px, (min-width: 481px) 726px, 100vw\" \/><\/figure>\n\n\n\n<figure class=\"wp-block-image size-large\"><img loading=\"lazy\" decoding=\"async\" width=\"625\" height=\"900\" src=\"https:\/\/www.anastasiapopescu.ro\/gradinite\/wp-content\/uploads\/frunze-6-625x900.jpg\" alt=\"\" class=\"wp-image-2218\" srcset=\"https:\/\/www.anastasiapopescu.ro\/gradinite\/wp-content\/uploads\/frunze-6-625x900.jpg 625w, https:\/\/www.anastasiapopescu.ro\/gradinite\/wp-content\/uploads\/frunze-6-480x691.jpg 480w\" sizes=\"(min-width: 0px) and (max-width: 480px) 480px, (min-width: 481px) 625px, 100vw\" \/><\/figure>\n\n\n\n<figure class=\"wp-block-image size-large\"><img loading=\"lazy\" decoding=\"async\" width=\"620\" height=\"900\" src=\"https:\/\/www.anastasiapopescu.ro\/gradinite\/wp-content\/uploads\/frunze-7-620x900.jpg\" alt=\"\" class=\"wp-image-2219\" srcset=\"https:\/\/www.anastasiapopescu.ro\/gradinite\/wp-content\/uploads\/frunze-7-620x900.jpg 620w, https:\/\/www.anastasiapopescu.ro\/gradinite\/wp-content\/uploads\/frunze-7-480x697.jpg 480w\" sizes=\"(min-width: 0px) and (max-width: 480px) 480px, (min-width: 481px) 620px, 100vw\" \/><\/figure>\n\n\n\n<figure class=\"wp-block-image size-full\"><img loading=\"lazy\" decoding=\"async\" width=\"780\" height=\"585\" src=\"https:\/\/www.anastasiapopescu.ro\/gradinite\/wp-content\/uploads\/frunze-8.jpg\" alt=\"\" class=\"wp-image-2220\" srcset=\"https:\/\/www.anastasiapopescu.ro\/gradinite\/wp-content\/uploads\/frunze-8.jpg 780w, https:\/\/www.anastasiapopescu.ro\/gradinite\/wp-content\/uploads\/frunze-8-480x360.jpg 480w\" sizes=\"(min-width: 0px) and (max-width: 480px) 480px, (min-width: 481px) 780px, 100vw\" \/><\/figure>\n\n\n\n<figure class=\"wp-block-image size-full\"><img loading=\"lazy\" decoding=\"async\" width=\"749\" height=\"573\" src=\"https:\/\/www.anastasiapopescu.ro\/gradinite\/wp-content\/uploads\/frunze-9.jpg\" alt=\"\" class=\"wp-image-2221\" srcset=\"https:\/\/www.anastasiapopescu.ro\/gradinite\/wp-content\/uploads\/frunze-9.jpg 749w, https:\/\/www.anastasiapopescu.ro\/gradinite\/wp-content\/uploads\/frunze-9-480x367.jpg 480w\" sizes=\"(min-width: 0px) and (max-width: 480px) 480px, (min-width: 481px) 749px, 100vw\" \/><\/figure>\n\n\n\n<figure class=\"wp-block-image size-full\"><img loading=\"lazy\" decoding=\"async\" width=\"746\" height=\"627\" src=\"https:\/\/www.anastasiapopescu.ro\/gradinite\/wp-content\/uploads\/frunze-10.jpg\" alt=\"\" class=\"wp-image-2222\" srcset=\"https:\/\/www.anastasiapopescu.ro\/gradinite\/wp-content\/uploads\/frunze-10.jpg 746w, https:\/\/www.anastasiapopescu.ro\/gradinite\/wp-content\/uploads\/frunze-10-480x403.jpg 480w\" sizes=\"(min-width: 0px) and (max-width: 480px) 480px, (min-width: 481px) 746px, 100vw\" \/><\/figure>\n","protected":false},"excerpt":{"rendered":"<p>C\u00e2nd frunzele copacilor au \u00eenceput s\u0103 se desprind\u0103 de pe ramuri, copiii de la Gr\u0103dini\u021bele \u201eArc-en-Ciel&#8221; le-au prins u\u0219or din zborul lor \u0219i le-au transformat \u00een art\u0103. Frunze mici, mari, rotunde sau lunguie\u021be au luat forma unor personaje vesele \u0219i colorate, ner\u0103bd\u0103toare s\u0103 \u00ee\u0219i spun\u0103 povestea.<\/p>\n","protected":false},"author":2,"featured_media":2223,"comment_status":"open","ping_status":"open","sticky":false,"template":"","format":"standard","meta":{"_et_pb_use_builder":"","_et_pb_old_content":"","_et_gb_content_width":"","_crdt_document":"","footnotes":""},"categories":[10],"tags":[115,15,17,114],"class_list":["post-2213","post","type-post","status-publish","format-standard","has-post-thumbnail","hentry","category-evenimente","tag-frunze","tag-gradinitele-arc-en-ciel","tag-liceul-pedagogic-anastasia-popescu","tag-toamna"],"_links":{"self":[{"href":"https:\/\/www.anastasiapopescu.ro\/gradinite\/wp-json\/wp\/v2\/posts\/2213","targetHints":{"allow":["GET"]}}],"collection":[{"href":"https:\/\/www.anastasiapopescu.ro\/gradinite\/wp-json\/wp\/v2\/posts"}],"about":[{"href":"https:\/\/www.anastasiapopescu.ro\/gradinite\/wp-json\/wp\/v2\/types\/post"}],"author":[{"embeddable":true,"href":"https:\/\/www.anastasiapopescu.ro\/gradinite\/wp-json\/wp\/v2\/users\/2"}],"replies":[{"embeddable":true,"href":"https:\/\/www.anastasiapopescu.ro\/gradinite\/wp-json\/wp\/v2\/comments?post=2213"}],"version-history":[{"count":0,"href":"https:\/\/www.anastasiapopescu.ro\/gradinite\/wp-json\/wp\/v2\/posts\/2213\/revisions"}],"wp:featuredmedia":[{"embeddable":true,"href":"https:\/\/www.anastasiapopescu.ro\/gradinite\/wp-json\/wp\/v2\/media\/2223"}],"wp:attachment":[{"href":"https:\/\/www.anastasiapopescu.ro\/gradinite\/wp-json\/wp\/v2\/media?parent=2213"}],"wp:term":[{"taxonomy":"category","embeddable":true,"href":"https:\/\/www.anastasiapopescu.ro\/gradinite\/wp-json\/wp\/v2\/categories?post=2213"},{"taxonomy":"post_tag","embeddable":true,"href":"https:\/\/www.anastasiapopescu.ro\/gradinite\/wp-json\/wp\/v2\/tags?post=2213"}],"curies":[{"name":"wp","href":"https:\/\/api.w.org\/{rel}","templated":true}]}}