{"id":2188,"date":"2021-10-06T15:07:00","date_gmt":"2021-10-06T12:07:00","guid":{"rendered":"https:\/\/www.anastasiapopescu.ro\/gradinite\/?p=2188"},"modified":"2021-10-21T15:12:53","modified_gmt":"2021-10-21T12:12:53","slug":"la-multi-ani-dragi-profesori","status":"publish","type":"post","link":"https:\/\/www.anastasiapopescu.ro\/gradinite\/la-multi-ani-dragi-profesori\/","title":{"rendered":"La mul\u021bi ani, dragi profesori!"},"content":{"rendered":"\n<p class=\"wp-block-paragraph\">La Gr\u0103dini\u021bele \u201eArc-En-Ciel&#8221;, copiii \u0219i profesorii au s\u0103rb\u0103torit \u00eempreun\u0103 Ziua Mondial\u0103 a Educa\u021biei. <\/p>\n\n\n\n<p class=\"wp-block-paragraph\">La mul\u021bi ani, dragii no\u0219tri educatori, minuna\u021bii no\u0219tri dasc\u0103li!<\/p>\n\n\n\n<p class=\"wp-block-paragraph\"><\/p>\n\n\n\n<figure class=\"wp-block-video\"><video height=\"720\" style=\"aspect-ratio: 1280 \/ 720;\" width=\"1280\" controls src=\"https:\/\/www.anastasiapopescu.ro\/gradinite\/wp-content\/uploads\/Ziua-Educatiei.mp4\"><\/video><\/figure>\n\n\n\n<p class=\"wp-block-paragraph\"><\/p>\n","protected":false},"excerpt":{"rendered":"<p>La Gr\u0103dini\u021bele \u201eArc-En-Ciel&#8221;, copiii \u0219i profesorii au s\u0103rb\u0103torit \u00eempreun\u0103 Ziua Mondial\u0103 a Educa\u021biei. La mul\u021bi ani, dragii no\u0219tri educatori, minuna\u021bii no\u0219tri dasc\u0103li!<\/p>\n","protected":false},"author":2,"featured_media":2190,"comment_status":"open","ping_status":"open","sticky":false,"template":"","format":"standard","meta":{"_et_pb_use_builder":"","_et_pb_old_content":"","_et_gb_content_width":"","_crdt_document":"","footnotes":""},"categories":[10,8],"tags":[],"class_list":["post-2188","post","type-post","status-publish","format-standard","has-post-thumbnail","hentry","category-evenimente","category-prima-pagina"],"_links":{"self":[{"href":"https:\/\/www.anastasiapopescu.ro\/gradinite\/wp-json\/wp\/v2\/posts\/2188","targetHints":{"allow":["GET"]}}],"collection":[{"href":"https:\/\/www.anastasiapopescu.ro\/gradinite\/wp-json\/wp\/v2\/posts"}],"about":[{"href":"https:\/\/www.anastasiapopescu.ro\/gradinite\/wp-json\/wp\/v2\/types\/post"}],"author":[{"embeddable":true,"href":"https:\/\/www.anastasiapopescu.ro\/gradinite\/wp-json\/wp\/v2\/users\/2"}],"replies":[{"embeddable":true,"href":"https:\/\/www.anastasiapopescu.ro\/gradinite\/wp-json\/wp\/v2\/comments?post=2188"}],"version-history":[{"count":0,"href":"https:\/\/www.anastasiapopescu.ro\/gradinite\/wp-json\/wp\/v2\/posts\/2188\/revisions"}],"wp:featuredmedia":[{"embeddable":true,"href":"https:\/\/www.anastasiapopescu.ro\/gradinite\/wp-json\/wp\/v2\/media\/2190"}],"wp:attachment":[{"href":"https:\/\/www.anastasiapopescu.ro\/gradinite\/wp-json\/wp\/v2\/media?parent=2188"}],"wp:term":[{"taxonomy":"category","embeddable":true,"href":"https:\/\/www.anastasiapopescu.ro\/gradinite\/wp-json\/wp\/v2\/categories?post=2188"},{"taxonomy":"post_tag","embeddable":true,"href":"https:\/\/www.anastasiapopescu.ro\/gradinite\/wp-json\/wp\/v2\/tags?post=2188"}],"curies":[{"name":"wp","href":"https:\/\/api.w.org\/{rel}","templated":true}]}}