{"id":2136,"date":"2021-06-15T13:41:08","date_gmt":"2021-06-15T10:41:08","guid":{"rendered":"https:\/\/www.anastasiapopescu.ro\/gradinite\/?p=2136"},"modified":"2021-06-15T13:41:10","modified_gmt":"2021-06-15T10:41:10","slug":"carte-pentru-copii-paharelul-cu-nectar-de-mitropolitul-bartolomeu-anania","status":"publish","type":"post","link":"https:\/\/www.anastasiapopescu.ro\/gradinite\/carte-pentru-copii-paharelul-cu-nectar-de-mitropolitul-bartolomeu-anania\/","title":{"rendered":"Carte pentru copii: \u201eP\u0103h\u0103relul cu nectar\u201d de Mitropolitul Bartolomeu Anania"},"content":{"rendered":"\n<p class=\"wp-block-paragraph\" id=\"block-e168e670-14a9-4c24-98f1-2b054c42fca9\">Ast\u0103zi, de Sf\u00e2ntul Apostol Bartolomeu, am s\u0103 scriu despre o minune care s-a \u00eenf\u0103ptuit, din rug\u0103ciune, credin\u021b\u0103 \u0219i iubire: \u201eP\u0103h\u0103relul cu nectar\u201d al Mitropolitului Bartolomeu Anania a ajuns, \u00eentr-o nou\u0103 edi\u021bie, \u00een m\u00e2nu\u021bele \u0219i inimile copiilor! Ilustrat\u0103 savuros, piesa scris\u0103 \u00eentr-o limb\u0103 rom\u00e2n\u0103 fermec\u0103toare, de care avem nevoie precum albinele de nectarul florilor, ni s-a d\u0103ruit, \u00eent\u00e2i de toate, prin generozitatea Funda\u021biei \u201eMitropolitul Bartolomeu Anania\u201d. Exist\u0103 \u0219i varianta audio, pentru a \u00eenlesni copiilor parcurgerea textului, iar volumul acesta pre\u021bios mai are o nestemat\u0103: prefa\u021ba dedicat\u0103 tinerilor cititori de P\u0103rintele Radu Preda, care aduce lumina unei contextualiz\u0103ri de esen\u021b\u0103. Le mul\u021bumim tuturor celor care au contribuit la apari\u021bia acestei ginga\u0219e scrieri a Mitropolitului Bartolomeu Anania, la cei 100 de ani de la na\u0219terea pe p\u0103m\u00e2nt \u0219i 10 ani, de la na\u0219terea \u00een Cer! \u00cenve\u0219nicirea prin glasuri de copii, o bucurie reiterat\u0103.<\/p>\n\n\n\n<p class=\"wp-block-paragraph\" id=\"block-92c21ab5-6fd9-4a28-abab-09bb649f20b2\">Profesor <strong>Mona \u0218erb\u0103nescu<\/strong> &#8211; Pre\u0219edinte, Director General &#8211; Liceul Pedagogic Ortodox \u201eAnastasia Popescu\u201d<\/p>\n\n\n\n<figure class=\"wp-block-image\" id=\"block-781198ee-3abb-441f-85f7-fd214dc93d09\"><img decoding=\"async\" src=\"https:\/\/www.anastasiapopescu.ro\/scoala\/wp-content\/uploads\/paharel-11iunie2021-11.jpg\" alt=\"Aceast\u0103 imagine are atributul alt gol; numele fi\u0219ierului este paharel-11iunie2021-11.jpg\"\/><\/figure>\n\n\n\n<figure class=\"wp-block-image\" id=\"block-aaa7cf44-6bc6-44b6-817f-21b4b60c1255\"><img decoding=\"async\" src=\"https:\/\/www.anastasiapopescu.ro\/scoala\/wp-content\/uploads\/paharel-11iunie2021-2.jpg\" alt=\"Aceast\u0103 imagine are atributul alt gol; numele fi\u0219ierului este paharel-11iunie2021-2.jpg\"\/><\/figure>\n\n\n\n<figure class=\"wp-block-image\" id=\"block-7f5bbd2e-da57-47c0-bf96-49c895d90522\"><img decoding=\"async\" src=\"https:\/\/www.anastasiapopescu.ro\/scoala\/wp-content\/uploads\/paharel-11iunie2021-3.jpg\" alt=\"Aceast\u0103 imagine are atributul alt gol; numele fi\u0219ierului este paharel-11iunie2021-3.jpg\"\/><\/figure>\n\n\n\n<figure class=\"wp-block-image\" id=\"block-03d077a5-5f7d-4275-81f0-117e96c54bb4\"><img decoding=\"async\" src=\"https:\/\/www.anastasiapopescu.ro\/scoala\/wp-content\/uploads\/paharel-11iunie2021-4.jpg\" alt=\"Aceast\u0103 imagine are atributul alt gol; numele fi\u0219ierului este paharel-11iunie2021-4.jpg\"\/><\/figure>\n\n\n\n<figure class=\"wp-block-image\" id=\"block-6f92f475-8eaa-483d-94bd-f7f8e9c93539\"><img decoding=\"async\" src=\"https:\/\/www.anastasiapopescu.ro\/scoala\/wp-content\/uploads\/paharel-11iunie2021-5.jpg\" alt=\"Aceast\u0103 imagine are atributul alt gol; numele fi\u0219ierului este paharel-11iunie2021-5.jpg\"\/><\/figure>\n\n\n\n<figure class=\"wp-block-image\" id=\"block-75151304-af38-4921-9d18-a5a4636f492d\"><img decoding=\"async\" src=\"https:\/\/www.anastasiapopescu.ro\/scoala\/wp-content\/uploads\/paharel-11iunie2021-6.jpg\" alt=\"Aceast\u0103 imagine are atributul alt gol; numele fi\u0219ierului este paharel-11iunie2021-6.jpg\"\/><\/figure>\n","protected":false},"excerpt":{"rendered":"<p>Ast\u0103zi, de Sf\u00e2ntul Apostol Bartolomeu, am s\u0103 scriu despre o minune care s-a \u00eenf\u0103ptuit, din rug\u0103ciune, credin\u021b\u0103 \u0219i iubire: \u201eP\u0103h\u0103relul cu nectar\u201d al Mitropolitului Bartolomeu Anania a ajuns, \u00eentr-o nou\u0103 edi\u021bie, \u00een m\u00e2nu\u021bele \u0219i inimile copiilor! Ilustrat\u0103 savuros, piesa scris\u0103 \u00eentr-o limb\u0103 rom\u00e2n\u0103 fermec\u0103toare, de care avem nevoie precum albinele de nectarul florilor, ni s-a [&hellip;]<\/p>\n","protected":false},"author":2,"featured_media":2137,"comment_status":"open","ping_status":"open","sticky":false,"template":"","format":"standard","meta":{"_et_pb_use_builder":"","_et_pb_old_content":"","_et_gb_content_width":"","_crdt_document":"","footnotes":""},"categories":[10],"tags":[109,108,107,17],"class_list":["post-2136","post","type-post","status-publish","format-standard","has-post-thumbnail","hentry","category-evenimente","tag-bartolomeu-anania","tag-carte-pentru-copii","tag-lansare-carte","tag-liceul-pedagogic-anastasia-popescu"],"_links":{"self":[{"href":"https:\/\/www.anastasiapopescu.ro\/gradinite\/wp-json\/wp\/v2\/posts\/2136","targetHints":{"allow":["GET"]}}],"collection":[{"href":"https:\/\/www.anastasiapopescu.ro\/gradinite\/wp-json\/wp\/v2\/posts"}],"about":[{"href":"https:\/\/www.anastasiapopescu.ro\/gradinite\/wp-json\/wp\/v2\/types\/post"}],"author":[{"embeddable":true,"href":"https:\/\/www.anastasiapopescu.ro\/gradinite\/wp-json\/wp\/v2\/users\/2"}],"replies":[{"embeddable":true,"href":"https:\/\/www.anastasiapopescu.ro\/gradinite\/wp-json\/wp\/v2\/comments?post=2136"}],"version-history":[{"count":0,"href":"https:\/\/www.anastasiapopescu.ro\/gradinite\/wp-json\/wp\/v2\/posts\/2136\/revisions"}],"wp:featuredmedia":[{"embeddable":true,"href":"https:\/\/www.anastasiapopescu.ro\/gradinite\/wp-json\/wp\/v2\/media\/2137"}],"wp:attachment":[{"href":"https:\/\/www.anastasiapopescu.ro\/gradinite\/wp-json\/wp\/v2\/media?parent=2136"}],"wp:term":[{"taxonomy":"category","embeddable":true,"href":"https:\/\/www.anastasiapopescu.ro\/gradinite\/wp-json\/wp\/v2\/categories?post=2136"},{"taxonomy":"post_tag","embeddable":true,"href":"https:\/\/www.anastasiapopescu.ro\/gradinite\/wp-json\/wp\/v2\/tags?post=2136"}],"curies":[{"name":"wp","href":"https:\/\/api.w.org\/{rel}","templated":true}]}}