{"id":2037,"date":"2021-01-26T10:22:16","date_gmt":"2021-01-26T07:22:16","guid":{"rendered":"https:\/\/www.anastasiapopescu.ro\/gradinite\/?p=2037"},"modified":"2021-01-26T21:20:30","modified_gmt":"2021-01-26T18:20:30","slug":"sarbatorind-unirea-principatelor","status":"publish","type":"post","link":"https:\/\/www.anastasiapopescu.ro\/gradinite\/sarbatorind-unirea-principatelor\/","title":{"rendered":"S\u0103rb\u0103torind Unirea Principatelor"},"content":{"rendered":"\n<p class=\"wp-block-paragraph\">Acas\u0103 sau online, ne-am \u00eent\u00e2lnit, colegi, ba chiar fra\u021bi \u0219i surori, ca s\u0103 ne amintim de Hora Unirii, de Mo\u0219 Ion Roat\u0103 \u0219i de Cuza-Vod\u0103, de o fr\u00e2ntur\u0103 a istoriei noastre pe care ar trebui s\u0103 nu o l\u0103s\u0103m uitat\u0103 doar \u00een paginile manualului de istorie.<br>Copiii au mereu puterea de a \u00eemprosp\u0103ta \u0219i de a da autenticitate faptelor \u0219i sentimentelor, fie ele de-acum, ori de alt\u0103dat\u0103.<\/p>\n\n\n\n<p class=\"wp-block-paragraph\" id=\"block-ffddc799-e671-42b1-9d6d-8e4dc177c842\"><\/p>\n\n\n\n<figure class=\"wp-block-image\" id=\"block-1c34f383-fbf4-4a6f-9802-8740f5efe013\"><img decoding=\"async\" src=\"https:\/\/www.anastasiapopescu.ro\/scoala\/wp-content\/uploads\/unire-24ian2021-1-325x900.jpg\" alt=\"Aceast\u0103 imagine are atributul alt gol; numele fi\u0219ierului este unire-24ian2021-1-325x900.jpg\"\/><\/figure>\n\n\n\n<figure class=\"wp-block-image size-large\"><img loading=\"lazy\" decoding=\"async\" width=\"588\" height=\"773\" src=\"https:\/\/www.anastasiapopescu.ro\/gradinite\/wp-content\/uploads\/unire-24ian2021-5-1.jpg\" alt=\"\" class=\"wp-image-2041\" srcset=\"https:\/\/www.anastasiapopescu.ro\/gradinite\/wp-content\/uploads\/unire-24ian2021-5-1.jpg 588w, https:\/\/www.anastasiapopescu.ro\/gradinite\/wp-content\/uploads\/unire-24ian2021-5-1-480x631.jpg 480w\" sizes=\"(min-width: 0px) and (max-width: 480px) 480px, (min-width: 481px) 588px, 100vw\" \/><\/figure>\n\n\n\n<figure class=\"wp-block-image size-large\"><img loading=\"lazy\" decoding=\"async\" width=\"746\" height=\"790\" src=\"https:\/\/www.anastasiapopescu.ro\/gradinite\/wp-content\/uploads\/unire-24ian2021-4.jpg\" alt=\"\" class=\"wp-image-2039\" srcset=\"https:\/\/www.anastasiapopescu.ro\/gradinite\/wp-content\/uploads\/unire-24ian2021-4.jpg 746w, https:\/\/www.anastasiapopescu.ro\/gradinite\/wp-content\/uploads\/unire-24ian2021-4-480x508.jpg 480w\" sizes=\"(min-width: 0px) and (max-width: 480px) 480px, (min-width: 481px) 746px, 100vw\" \/><\/figure>\n\n\n\n<figure class=\"wp-block-image size-large\"><img loading=\"lazy\" decoding=\"async\" width=\"748\" height=\"900\" src=\"https:\/\/www.anastasiapopescu.ro\/gradinite\/wp-content\/uploads\/unire-24ian2021-6-748x900.jpg\" alt=\"\" class=\"wp-image-2040\" srcset=\"https:\/\/www.anastasiapopescu.ro\/gradinite\/wp-content\/uploads\/unire-24ian2021-6-748x900.jpg 748w, https:\/\/www.anastasiapopescu.ro\/gradinite\/wp-content\/uploads\/unire-24ian2021-6-480x578.jpg 480w\" sizes=\"(min-width: 0px) and (max-width: 480px) 480px, (min-width: 481px) 748px, 100vw\" \/><\/figure>\n","protected":false},"excerpt":{"rendered":"<p>Acas\u0103 sau online, ne-am \u00eent\u00e2lnit, colegi, ba chiar fra\u021bi \u0219i surori, ca s\u0103 ne amintim de Hora Unirii, de Mo\u0219 Ion Roat\u0103 \u0219i de Cuza-Vod\u0103, de o fr\u00e2ntur\u0103 a istoriei noastre pe care ar trebui s\u0103 nu o l\u0103s\u0103m uitat\u0103 doar \u00een paginile manualului de istorie.Copiii au mereu puterea de a \u00eemprosp\u0103ta \u0219i de a [&hellip;]<\/p>\n","protected":false},"author":2,"featured_media":2042,"comment_status":"open","ping_status":"open","sticky":false,"template":"","format":"standard","meta":{"_et_pb_use_builder":"","_et_pb_old_content":"","_et_gb_content_width":"","_crdt_document":"","footnotes":""},"categories":[10,8],"tags":[15,18],"class_list":["post-2037","post","type-post","status-publish","format-standard","has-post-thumbnail","hentry","category-evenimente","category-prima-pagina","tag-gradinitele-arc-en-ciel","tag-unirea-principatelor-romane"],"_links":{"self":[{"href":"https:\/\/www.anastasiapopescu.ro\/gradinite\/wp-json\/wp\/v2\/posts\/2037","targetHints":{"allow":["GET"]}}],"collection":[{"href":"https:\/\/www.anastasiapopescu.ro\/gradinite\/wp-json\/wp\/v2\/posts"}],"about":[{"href":"https:\/\/www.anastasiapopescu.ro\/gradinite\/wp-json\/wp\/v2\/types\/post"}],"author":[{"embeddable":true,"href":"https:\/\/www.anastasiapopescu.ro\/gradinite\/wp-json\/wp\/v2\/users\/2"}],"replies":[{"embeddable":true,"href":"https:\/\/www.anastasiapopescu.ro\/gradinite\/wp-json\/wp\/v2\/comments?post=2037"}],"version-history":[{"count":0,"href":"https:\/\/www.anastasiapopescu.ro\/gradinite\/wp-json\/wp\/v2\/posts\/2037\/revisions"}],"wp:featuredmedia":[{"embeddable":true,"href":"https:\/\/www.anastasiapopescu.ro\/gradinite\/wp-json\/wp\/v2\/media\/2042"}],"wp:attachment":[{"href":"https:\/\/www.anastasiapopescu.ro\/gradinite\/wp-json\/wp\/v2\/media?parent=2037"}],"wp:term":[{"taxonomy":"category","embeddable":true,"href":"https:\/\/www.anastasiapopescu.ro\/gradinite\/wp-json\/wp\/v2\/categories?post=2037"},{"taxonomy":"post_tag","embeddable":true,"href":"https:\/\/www.anastasiapopescu.ro\/gradinite\/wp-json\/wp\/v2\/tags?post=2037"}],"curies":[{"name":"wp","href":"https:\/\/api.w.org\/{rel}","templated":true}]}}