{"id":2002,"date":"2020-10-05T21:38:00","date_gmt":"2020-10-05T18:38:00","guid":{"rendered":"https:\/\/www.anastasiapopescu.ro\/gradinite\/?p=2002"},"modified":"2020-10-11T21:49:44","modified_gmt":"2020-10-11T18:49:44","slug":"la-multi-ani-de-ziua-educatiei","status":"publish","type":"post","link":"https:\/\/www.anastasiapopescu.ro\/gradinite\/la-multi-ani-de-ziua-educatiei\/","title":{"rendered":"La mul\u021bi ani de Ziua Educa\u021biei!"},"content":{"rendered":"\n<p class=\"wp-block-paragraph\">La mul\u0163i ani celor care fac \u015fcoala posibil\u0103: dasc\u0103li, personal auxiliar, auxiliar didactic, medici \u015fi asisten\u0163i \u015fcolari, p\u0103rin\u0163i \u015fi, mai cu seam\u0103, ELEVI! Despre ei ar trebui s\u0103 fie vorba ast\u0103zi, mai ales! Ziua Educa\u0163ei este un alt fel de Ziua Copilului. Ei s\u0103 iubeasc\u0103 \u015fcoala, iar noi, cei \u201emari\u201d, s\u0103 nu uit\u0103m c\u0103 am fost, c\u00e2ndva, copii!<br>\u201eEduca\u0163ia este iubire\u201d, spunea de cur\u0103nd o bun\u0103 \u015fi drag\u0103 prieten\u0103.<br>(Mona \u0218erb\u0103nescu, Director General Liceul Pedagogic Ortodox \u201eAnastasia Popescu\u201d)<\/p>\n\n\n\n<figure class=\"wp-block-image size-large\"><img loading=\"lazy\" decoding=\"async\" width=\"640\" height=\"640\" src=\"https:\/\/www.anastasiapopescu.ro\/gradinite\/wp-content\/uploads\/grupe-sept2020-11.jpg\" alt=\"\" class=\"wp-image-1933\" srcset=\"https:\/\/www.anastasiapopescu.ro\/gradinite\/wp-content\/uploads\/grupe-sept2020-11.jpg 640w, https:\/\/www.anastasiapopescu.ro\/gradinite\/wp-content\/uploads\/grupe-sept2020-11-480x480.jpg 480w\" sizes=\"(min-width: 0px) and (max-width: 480px) 480px, (min-width: 481px) 640px, 100vw\" \/><\/figure>\n\n\n\n<figure class=\"wp-block-image size-large\"><img loading=\"lazy\" decoding=\"async\" width=\"675\" height=\"900\" src=\"https:\/\/www.anastasiapopescu.ro\/gradinite\/wp-content\/uploads\/recic-aug2020-15-675x900.jpg\" alt=\"\" class=\"wp-image-1906\" srcset=\"https:\/\/www.anastasiapopescu.ro\/gradinite\/wp-content\/uploads\/recic-aug2020-15-675x900.jpg 675w, https:\/\/www.anastasiapopescu.ro\/gradinite\/wp-content\/uploads\/recic-aug2020-15-480x640.jpg 480w\" sizes=\"(min-width: 0px) and (max-width: 480px) 480px, (min-width: 481px) 675px, 100vw\" \/><\/figure>\n\n\n\n<figure class=\"wp-block-image size-large\"><img loading=\"lazy\" decoding=\"async\" width=\"465\" height=\"900\" src=\"https:\/\/www.anastasiapopescu.ro\/gradinite\/wp-content\/uploads\/recic-aug2020-7-1-465x900.jpg\" alt=\"\" class=\"wp-image-1899\"\/><\/figure>\n\n\n\n<figure class=\"wp-block-image size-large\"><img loading=\"lazy\" decoding=\"async\" width=\"405\" height=\"900\" src=\"https:\/\/www.anastasiapopescu.ro\/gradinite\/wp-content\/uploads\/recic-aug2020-12-405x900.jpg\" alt=\"\" class=\"wp-image-1903\"\/><\/figure>\n\n\n\n<figure class=\"wp-block-image size-large\"><img loading=\"lazy\" decoding=\"async\" width=\"800\" height=\"360\" src=\"https:\/\/www.anastasiapopescu.ro\/gradinite\/wp-content\/uploads\/recic-aug2020-9-.jpg\" alt=\"\" class=\"wp-image-1901\" srcset=\"https:\/\/www.anastasiapopescu.ro\/gradinite\/wp-content\/uploads\/recic-aug2020-9-.jpg 800w, https:\/\/www.anastasiapopescu.ro\/gradinite\/wp-content\/uploads\/recic-aug2020-9--480x216.jpg 480w\" sizes=\"(min-width: 0px) and (max-width: 480px) 480px, (min-width: 481px) 800px, 100vw\" \/><\/figure>\n","protected":false},"excerpt":{"rendered":"<p>La mul\u0163i ani celor care fac \u015fcoala posibil\u0103: dasc\u0103li, personal auxiliar, auxiliar didactic, medici \u015fi asisten\u0163i \u015fcolari, p\u0103rin\u0163i \u015fi, mai cu seam\u0103, ELEVI! Despre ei ar trebui s\u0103 fie vorba ast\u0103zi, mai ales! Ziua Educa\u0163ei este un alt fel de Ziua Copilului. Ei s\u0103 iubeasc\u0103 \u015fcoala, iar noi, cei \u201emari\u201d, s\u0103 nu uit\u0103m c\u0103 am [&hellip;]<\/p>\n","protected":false},"author":2,"featured_media":1907,"comment_status":"open","ping_status":"open","sticky":false,"template":"","format":"standard","meta":{"_et_pb_use_builder":"","_et_pb_old_content":"","_et_gb_content_width":"","_crdt_document":"","footnotes":""},"categories":[10,8],"tags":[15,96],"class_list":["post-2002","post","type-post","status-publish","format-standard","has-post-thumbnail","hentry","category-evenimente","category-prima-pagina","tag-gradinitele-arc-en-ciel","tag-ziua-educatiei"],"_links":{"self":[{"href":"https:\/\/www.anastasiapopescu.ro\/gradinite\/wp-json\/wp\/v2\/posts\/2002","targetHints":{"allow":["GET"]}}],"collection":[{"href":"https:\/\/www.anastasiapopescu.ro\/gradinite\/wp-json\/wp\/v2\/posts"}],"about":[{"href":"https:\/\/www.anastasiapopescu.ro\/gradinite\/wp-json\/wp\/v2\/types\/post"}],"author":[{"embeddable":true,"href":"https:\/\/www.anastasiapopescu.ro\/gradinite\/wp-json\/wp\/v2\/users\/2"}],"replies":[{"embeddable":true,"href":"https:\/\/www.anastasiapopescu.ro\/gradinite\/wp-json\/wp\/v2\/comments?post=2002"}],"version-history":[{"count":0,"href":"https:\/\/www.anastasiapopescu.ro\/gradinite\/wp-json\/wp\/v2\/posts\/2002\/revisions"}],"wp:featuredmedia":[{"embeddable":true,"href":"https:\/\/www.anastasiapopescu.ro\/gradinite\/wp-json\/wp\/v2\/media\/1907"}],"wp:attachment":[{"href":"https:\/\/www.anastasiapopescu.ro\/gradinite\/wp-json\/wp\/v2\/media?parent=2002"}],"wp:term":[{"taxonomy":"category","embeddable":true,"href":"https:\/\/www.anastasiapopescu.ro\/gradinite\/wp-json\/wp\/v2\/categories?post=2002"},{"taxonomy":"post_tag","embeddable":true,"href":"https:\/\/www.anastasiapopescu.ro\/gradinite\/wp-json\/wp\/v2\/tags?post=2002"}],"curies":[{"name":"wp","href":"https:\/\/api.w.org\/{rel}","templated":true}]}}