{"id":1864,"date":"2020-06-02T16:07:00","date_gmt":"2020-06-02T13:07:00","guid":{"rendered":"https:\/\/www.anastasiapopescu.ro\/gradinite\/?p=1864"},"modified":"2020-06-03T16:40:40","modified_gmt":"2020-06-03T13:40:40","slug":"in-sanul-familiei-prezentare-online","status":"publish","type":"post","link":"https:\/\/www.anastasiapopescu.ro\/gradinite\/in-sanul-familiei-prezentare-online\/","title":{"rendered":"\u00cen s\u00e2nul familiei &#8211; prezentare online"},"content":{"rendered":"\n<p class=\"wp-block-paragraph\">Micu\u021bii no\u0219tri au continuat s\u0103 fie elevi str\u0103luci\u021bi \u00een aceast\u0103 perioad\u0103: cu familia aproape, au \u00eenv\u0103\u021bat despre.. familie! <\/p>\n\n\n\n<p class=\"wp-block-paragraph\"> \u201eEste \u00eenc\u00e2nt\u0103tor ce au f\u0103cut copiii&#8230; ce au f\u0103cut doamnele profesoare, dar ce au f\u0103cut P\u0102RIN\u021aII este impresionant! Cea mai frumoas\u0103 cunun\u0103 de lauri, la sf\u00e2r\u0219itul acestui an \u0219colar, p\u0103rin\u021bilor merit\u0103 d\u0103ruit\u0103!\u201d   Mona \u0218erb\u0103nescu, Director General &#8211; Liceul Pedagogic  \u201eAnastasia Popescu\u201d <\/p>\n\n\n\n<p class=\"wp-block-paragraph\">V\u0103 invit\u0103m s\u0103 v\u0103 bucura\u021bi privind lucr\u0103rile celor mici de la Gr\u0103dini\u021bele \u201eArc-en-Ciel\u201d, Furnicu\u021bele \u0219i Buburuzele noastre dragi!  Iat\u0103  aici o parte din imaginile trimise online, <a href=\"https:\/\/web.facebook.com\/liceulanastasiapopescu\/videos\/250649779700774\/UzpfSTE2NDA0MTgzNDI4NDE2OTc6MjUxNjc1NzgyNTIwNzc0MA\/?epa=SEARCH_BOX\">un filmule\u021b grozav<\/a>!<\/p>\n\n\n\n<figure class=\"wp-block-embed-facebook wp-block-embed\"><div class=\"wp-block-embed__wrapper\">\nhttps:\/\/web.facebook.com\/liceulanastasiapopescu\/videos\/250649779700774\/UzpfSTE2NDA0MTgzNDI4NDE2OTc6MjUxNjc1NzgyNTIwNzc0MA\/?epa=SEARCH_BOX\n<\/div><\/figure>\n\n\n\n<p class=\"wp-block-paragraph\"><\/p>\n\n\n\n<figure class=\"wp-block-image size-large\"><img loading=\"lazy\" decoding=\"async\" width=\"800\" height=\"560\" src=\"https:\/\/www.anastasiapopescu.ro\/gradinite\/wp-content\/uploads\/famille2020-06-03.jpeg\" alt=\"\" class=\"wp-image-1865\" srcset=\"https:\/\/www.anastasiapopescu.ro\/gradinite\/wp-content\/uploads\/famille2020-06-03.jpeg 800w, https:\/\/www.anastasiapopescu.ro\/gradinite\/wp-content\/uploads\/famille2020-06-03-480x336.jpeg 480w\" sizes=\"(min-width: 0px) and (max-width: 480px) 480px, (min-width: 481px) 800px, 100vw\" \/><\/figure>\n","protected":false},"excerpt":{"rendered":"<p>Micu\u021bii no\u0219tri au continuat s\u0103 fie elevi str\u0103luci\u021bi \u00een aceast\u0103 perioad\u0103: cu familia aproape, au \u00eenv\u0103\u021bat despre.. familie! \u201eEste \u00eenc\u00e2nt\u0103tor ce au f\u0103cut copiii&#8230; ce au f\u0103cut doamnele profesoare, dar ce au f\u0103cut P\u0102RIN\u021aII este impresionant! Cea mai frumoas\u0103 cunun\u0103 de lauri, la sf\u00e2r\u0219itul acestui an \u0219colar, p\u0103rin\u021bilor merit\u0103 d\u0103ruit\u0103!\u201d Mona \u0218erb\u0103nescu, Director General &#8211; [&hellip;]<\/p>\n","protected":false},"author":2,"featured_media":1866,"comment_status":"open","ping_status":"open","sticky":false,"template":"","format":"standard","meta":{"_et_pb_use_builder":"","_et_pb_old_content":"","_et_gb_content_width":"","_crdt_document":"","footnotes":""},"categories":[10],"tags":[88,15,17],"class_list":["post-1864","post","type-post","status-publish","format-standard","has-post-thumbnail","hentry","category-evenimente","tag-gradinita-online","tag-gradinitele-arc-en-ciel","tag-liceul-pedagogic-anastasia-popescu"],"_links":{"self":[{"href":"https:\/\/www.anastasiapopescu.ro\/gradinite\/wp-json\/wp\/v2\/posts\/1864","targetHints":{"allow":["GET"]}}],"collection":[{"href":"https:\/\/www.anastasiapopescu.ro\/gradinite\/wp-json\/wp\/v2\/posts"}],"about":[{"href":"https:\/\/www.anastasiapopescu.ro\/gradinite\/wp-json\/wp\/v2\/types\/post"}],"author":[{"embeddable":true,"href":"https:\/\/www.anastasiapopescu.ro\/gradinite\/wp-json\/wp\/v2\/users\/2"}],"replies":[{"embeddable":true,"href":"https:\/\/www.anastasiapopescu.ro\/gradinite\/wp-json\/wp\/v2\/comments?post=1864"}],"version-history":[{"count":0,"href":"https:\/\/www.anastasiapopescu.ro\/gradinite\/wp-json\/wp\/v2\/posts\/1864\/revisions"}],"wp:featuredmedia":[{"embeddable":true,"href":"https:\/\/www.anastasiapopescu.ro\/gradinite\/wp-json\/wp\/v2\/media\/1866"}],"wp:attachment":[{"href":"https:\/\/www.anastasiapopescu.ro\/gradinite\/wp-json\/wp\/v2\/media?parent=1864"}],"wp:term":[{"taxonomy":"category","embeddable":true,"href":"https:\/\/www.anastasiapopescu.ro\/gradinite\/wp-json\/wp\/v2\/categories?post=1864"},{"taxonomy":"post_tag","embeddable":true,"href":"https:\/\/www.anastasiapopescu.ro\/gradinite\/wp-json\/wp\/v2\/tags?post=1864"}],"curies":[{"name":"wp","href":"https:\/\/api.w.org\/{rel}","templated":true}]}}