{"id":1839,"date":"2020-05-11T17:13:00","date_gmt":"2020-05-11T14:13:00","guid":{"rendered":"https:\/\/www.anastasiapopescu.ro\/gradinite\/?p=1839"},"modified":"2020-05-13T17:16:24","modified_gmt":"2020-05-13T14:16:24","slug":"flori-pentru-romania-regala","status":"publish","type":"post","link":"https:\/\/www.anastasiapopescu.ro\/gradinite\/flori-pentru-romania-regala\/","title":{"rendered":"Flori pentru Rom\u00e2nia Regal\u0103"},"content":{"rendered":"\n<p class=\"wp-block-paragraph\">Flori pentru Rom\u00e2nia Regal\u0103, din partea Liceului Pedagogic Ortodox \u201eAnastasia Popescu\u201d.<\/p>\n\n\n\n<p class=\"wp-block-paragraph\">Chiar \u0219i anul acesta, de 10 Mai, am reu\u0219it s\u0103 p\u0103str\u0103m tradi\u021bia Liceului nostru \u0219i s\u0103 a\u0219ez\u0103m, pios, o floare la monumentul Regelui Mihai din Pia\u021beta Regelui de pe Bulevardul Kiseleff. Mul\u021bumim Ecaterinei \u0219i Mihaelei Dumitru, emisarii no\u0219tri. <\/p>\n\n\n\n<p class=\"wp-block-paragraph\">Ne bucur\u0103m c\u0103 am putut marca aceast\u0103 zi special\u0103 din istoria sufletului nostru rom\u00e2nesc.<\/p>\n\n\n\n<figure class=\"wp-block-image\"><img decoding=\"async\" src=\"https:\/\/www.anastasiapopescu.ro\/scoala\/wp-content\/uploads\/10mai-1-682x900.jpg\" alt=\"Aceast\u0103 imagine are atributul alt gol; numele fi\u0219ierului este 10mai-1-682x900.jpg\"\/><\/figure>\n\n\n\n<figure class=\"wp-block-image\"><img decoding=\"async\" src=\"https:\/\/www.anastasiapopescu.ro\/scoala\/wp-content\/uploads\/10mai-2.jpg\" alt=\"Aceast\u0103 imagine are atributul alt gol; numele fi\u0219ierului este 10mai-2.jpg\"\/><\/figure>\n\n\n\n<figure class=\"wp-block-image\"><img decoding=\"async\" src=\"https:\/\/www.anastasiapopescu.ro\/scoala\/wp-content\/uploads\/10mai-3-669x900.jpg\" alt=\"Aceast\u0103 imagine are atributul alt gol; numele fi\u0219ierului este 10mai-3-669x900.jpg\"\/><\/figure>\n","protected":false},"excerpt":{"rendered":"<p>Flori pentru Rom\u00e2nia Regal\u0103, din partea Liceului Pedagogic Ortodox \u201eAnastasia Popescu\u201d. Chiar \u0219i anul acesta, de 10 Mai, am reu\u0219it s\u0103 p\u0103str\u0103m tradi\u021bia Liceului nostru \u0219i s\u0103 a\u0219ez\u0103m, pios, o floare la monumentul Regelui Mihai din Pia\u021beta Regelui de pe Bulevardul Kiseleff. Mul\u021bumim Ecaterinei \u0219i Mihaelei Dumitru, emisarii no\u0219tri. Ne bucur\u0103m c\u0103 am putut marca [&hellip;]<\/p>\n","protected":false},"author":2,"featured_media":1840,"comment_status":"open","ping_status":"open","sticky":false,"template":"","format":"standard","meta":{"_et_pb_use_builder":"","_et_pb_old_content":"","_et_gb_content_width":"","_crdt_document":"","footnotes":""},"categories":[10,8],"tags":[17,84],"class_list":["post-1839","post","type-post","status-publish","format-standard","has-post-thumbnail","hentry","category-evenimente","category-prima-pagina","tag-liceul-pedagogic-anastasia-popescu","tag-regele-mihai"],"_links":{"self":[{"href":"https:\/\/www.anastasiapopescu.ro\/gradinite\/wp-json\/wp\/v2\/posts\/1839","targetHints":{"allow":["GET"]}}],"collection":[{"href":"https:\/\/www.anastasiapopescu.ro\/gradinite\/wp-json\/wp\/v2\/posts"}],"about":[{"href":"https:\/\/www.anastasiapopescu.ro\/gradinite\/wp-json\/wp\/v2\/types\/post"}],"author":[{"embeddable":true,"href":"https:\/\/www.anastasiapopescu.ro\/gradinite\/wp-json\/wp\/v2\/users\/2"}],"replies":[{"embeddable":true,"href":"https:\/\/www.anastasiapopescu.ro\/gradinite\/wp-json\/wp\/v2\/comments?post=1839"}],"version-history":[{"count":0,"href":"https:\/\/www.anastasiapopescu.ro\/gradinite\/wp-json\/wp\/v2\/posts\/1839\/revisions"}],"wp:featuredmedia":[{"embeddable":true,"href":"https:\/\/www.anastasiapopescu.ro\/gradinite\/wp-json\/wp\/v2\/media\/1840"}],"wp:attachment":[{"href":"https:\/\/www.anastasiapopescu.ro\/gradinite\/wp-json\/wp\/v2\/media?parent=1839"}],"wp:term":[{"taxonomy":"category","embeddable":true,"href":"https:\/\/www.anastasiapopescu.ro\/gradinite\/wp-json\/wp\/v2\/categories?post=1839"},{"taxonomy":"post_tag","embeddable":true,"href":"https:\/\/www.anastasiapopescu.ro\/gradinite\/wp-json\/wp\/v2\/tags?post=1839"}],"curies":[{"name":"wp","href":"https:\/\/api.w.org\/{rel}","templated":true}]}}