{"id":1750,"date":"2019-10-11T15:23:21","date_gmt":"2019-10-11T12:23:21","guid":{"rendered":"https:\/\/www.anastasiapopescu.ro\/gradinite\/?p=1750"},"modified":"2019-12-13T20:44:05","modified_gmt":"2019-12-13T17:44:05","slug":"studiul-marului-in-limba-germana","status":"publish","type":"post","link":"https:\/\/www.anastasiapopescu.ro\/gradinite\/studiul-marului-in-limba-germana\/","title":{"rendered":"Studiul m\u0103rului \u00een limba german\u0103"},"content":{"rendered":"\n<p class=\"wp-block-paragraph\">Experimente la ora de limbi str\u0103ine? Ei bine, da, se poate! Furnicu\u021bele de la Gr\u0103dini\u021bele \u201eArc-en-Ciel\u201d au \u00eenv\u0103\u021bat despre : Essig, Wasser, \u00d6l, Luft und Apfel \u0219i cum reac\u021bioneaz\u0103 cel din urm\u0103, adic\u0103 m\u0103rul, la contactul cu acestea.<br>Copiii a\u0219teapt\u0103 cu ner\u0103bdare s\u0103 observe ce s-a \u00eent\u00e2mplat cu feliile de m\u0103r l\u0103sate peste noapte \u00een diferite substan\u021be. Activitatea se \u00eenscrie \u00een cadrul proiectului \u201eM\u0103rul\u201c, care se desf\u0103\u0219oar\u0103 \u00een luna octombrie, la  Gr\u0103dini\u021bele \u201eArc-en-Ciel\u201d.<\/p>\n\n\n\n<p class=\"wp-block-paragraph\">Activitatea se \u00eenscrie \u00een cadrul proiectului  \u201eSTEM en action\u201c,  finan\u021bat prin Programul Erasmus +, proiect care \u00ee\u0219i pune amprenta din ce \u00een ce mai mult asupra vie\u021bii din gr\u0103dini\u021ba \u0219i din \u0219coala noastr\u0103, datorit\u0103 preocup\u0103rii profesorilor de a introduce \u00een activitatea didactic\u0103 a unor metode specifice educa\u021biei non formale \u0219i a instrumentelor oferite de noua tehnologie. <\/p>\n\n\n\n<figure class=\"wp-block-image\"><img loading=\"lazy\" decoding=\"async\" width=\"750\" height=\"402\" src=\"https:\/\/www.anastasiapopescu.ro\/gradinite\/wp-content\/uploads\/erasmus-plus.jpg\" alt=\"\" class=\"wp-image-1804\" srcset=\"https:\/\/www.anastasiapopescu.ro\/gradinite\/wp-content\/uploads\/erasmus-plus.jpg 750w, https:\/\/www.anastasiapopescu.ro\/gradinite\/wp-content\/uploads\/erasmus-plus-480x257.jpg 480w\" sizes=\"(min-width: 0px) and (max-width: 480px) 480px, (min-width: 481px) 750px, 100vw\" \/><\/figure>\n\n\n\n<figure class=\"wp-block-image\"><img loading=\"lazy\" decoding=\"async\" width=\"800\" height=\"800\" src=\"https:\/\/www.anastasiapopescu.ro\/gradinite\/wp-content\/uploads\/mar-germ-1.jpg\" alt=\"\" class=\"wp-image-1752\" srcset=\"https:\/\/www.anastasiapopescu.ro\/gradinite\/wp-content\/uploads\/mar-germ-1.jpg 800w, https:\/\/www.anastasiapopescu.ro\/gradinite\/wp-content\/uploads\/mar-germ-1-480x480.jpg 480w\" sizes=\"(min-width: 0px) and (max-width: 480px) 480px, (min-width: 481px) 800px, 100vw\" \/><\/figure>\n\n\n\n<figure class=\"wp-block-image\"><img loading=\"lazy\" decoding=\"async\" width=\"800\" height=\"800\" src=\"https:\/\/www.anastasiapopescu.ro\/gradinite\/wp-content\/uploads\/mar-germ-2.jpg\" alt=\"\" class=\"wp-image-1753\" srcset=\"https:\/\/www.anastasiapopescu.ro\/gradinite\/wp-content\/uploads\/mar-germ-2.jpg 800w, https:\/\/www.anastasiapopescu.ro\/gradinite\/wp-content\/uploads\/mar-germ-2-480x480.jpg 480w\" sizes=\"(min-width: 0px) and (max-width: 480px) 480px, (min-width: 481px) 800px, 100vw\" \/><\/figure>\n\n\n\n<figure class=\"wp-block-image\"><img loading=\"lazy\" decoding=\"async\" width=\"800\" height=\"800\" src=\"https:\/\/www.anastasiapopescu.ro\/gradinite\/wp-content\/uploads\/mar-germ-3.jpg\" alt=\"\" class=\"wp-image-1754\" srcset=\"https:\/\/www.anastasiapopescu.ro\/gradinite\/wp-content\/uploads\/mar-germ-3.jpg 800w, https:\/\/www.anastasiapopescu.ro\/gradinite\/wp-content\/uploads\/mar-germ-3-480x480.jpg 480w\" sizes=\"(min-width: 0px) and (max-width: 480px) 480px, (min-width: 481px) 800px, 100vw\" \/><\/figure>\n\n\n\n<figure class=\"wp-block-image\"><img loading=\"lazy\" decoding=\"async\" width=\"800\" height=\"800\" src=\"https:\/\/www.anastasiapopescu.ro\/gradinite\/wp-content\/uploads\/mar-germ-4.jpg\" alt=\"\" class=\"wp-image-1755\" srcset=\"https:\/\/www.anastasiapopescu.ro\/gradinite\/wp-content\/uploads\/mar-germ-4.jpg 800w, https:\/\/www.anastasiapopescu.ro\/gradinite\/wp-content\/uploads\/mar-germ-4-480x480.jpg 480w\" sizes=\"(min-width: 0px) and (max-width: 480px) 480px, (min-width: 481px) 800px, 100vw\" \/><\/figure>\n\n\n\n<figure class=\"wp-block-image\"><img loading=\"lazy\" decoding=\"async\" width=\"800\" height=\"800\" src=\"https:\/\/www.anastasiapopescu.ro\/gradinite\/wp-content\/uploads\/mar-germ-5.jpg\" alt=\"\" class=\"wp-image-1756\" srcset=\"https:\/\/www.anastasiapopescu.ro\/gradinite\/wp-content\/uploads\/mar-germ-5.jpg 800w, https:\/\/www.anastasiapopescu.ro\/gradinite\/wp-content\/uploads\/mar-germ-5-480x480.jpg 480w\" sizes=\"(min-width: 0px) and (max-width: 480px) 480px, (min-width: 481px) 800px, 100vw\" \/><\/figure>\n\n\n\n<figure class=\"wp-block-image\"><img loading=\"lazy\" decoding=\"async\" width=\"640\" height=\"480\" src=\"https:\/\/www.anastasiapopescu.ro\/gradinite\/wp-content\/uploads\/mar-germ-6.jpg\" alt=\"\" class=\"wp-image-1757\" srcset=\"https:\/\/www.anastasiapopescu.ro\/gradinite\/wp-content\/uploads\/mar-germ-6.jpg 640w, https:\/\/www.anastasiapopescu.ro\/gradinite\/wp-content\/uploads\/mar-germ-6-480x360.jpg 480w\" sizes=\"(min-width: 0px) and (max-width: 480px) 480px, (min-width: 481px) 640px, 100vw\" \/><\/figure>\n","protected":false},"excerpt":{"rendered":"<p>Experimente la ora de limbi str\u0103ine? Ei bine, da, se poate! Furnicu\u021bele de la Gr\u0103dini\u021bele \u201eArc-en-Ciel\u201d au \u00eenv\u0103\u021bat despre : Essig, Wasser, \u00d6l, Luft und Apfel \u0219i cum reac\u021bioneaz\u0103 cel din urm\u0103, adic\u0103 m\u0103rul, la contactul cu acestea.Copiii a\u0219teapt\u0103 cu ner\u0103bdare s\u0103 observe ce s-a \u00eent\u00e2mplat cu feliile de m\u0103r l\u0103sate peste noapte \u00een diferite [&hellip;]<\/p>\n","protected":false},"author":2,"featured_media":1751,"comment_status":"open","ping_status":"open","sticky":false,"template":"","format":"standard","meta":{"_et_pb_use_builder":"","_et_pb_old_content":"","_et_gb_content_width":"","_crdt_document":"","footnotes":""},"categories":[10],"tags":[15,76,75],"class_list":["post-1750","post","type-post","status-publish","format-standard","has-post-thumbnail","hentry","category-evenimente","tag-gradinitele-arc-en-ciel","tag-limba-germana","tag-mar"],"_links":{"self":[{"href":"https:\/\/www.anastasiapopescu.ro\/gradinite\/wp-json\/wp\/v2\/posts\/1750","targetHints":{"allow":["GET"]}}],"collection":[{"href":"https:\/\/www.anastasiapopescu.ro\/gradinite\/wp-json\/wp\/v2\/posts"}],"about":[{"href":"https:\/\/www.anastasiapopescu.ro\/gradinite\/wp-json\/wp\/v2\/types\/post"}],"author":[{"embeddable":true,"href":"https:\/\/www.anastasiapopescu.ro\/gradinite\/wp-json\/wp\/v2\/users\/2"}],"replies":[{"embeddable":true,"href":"https:\/\/www.anastasiapopescu.ro\/gradinite\/wp-json\/wp\/v2\/comments?post=1750"}],"version-history":[{"count":0,"href":"https:\/\/www.anastasiapopescu.ro\/gradinite\/wp-json\/wp\/v2\/posts\/1750\/revisions"}],"wp:featuredmedia":[{"embeddable":true,"href":"https:\/\/www.anastasiapopescu.ro\/gradinite\/wp-json\/wp\/v2\/media\/1751"}],"wp:attachment":[{"href":"https:\/\/www.anastasiapopescu.ro\/gradinite\/wp-json\/wp\/v2\/media?parent=1750"}],"wp:term":[{"taxonomy":"category","embeddable":true,"href":"https:\/\/www.anastasiapopescu.ro\/gradinite\/wp-json\/wp\/v2\/categories?post=1750"},{"taxonomy":"post_tag","embeddable":true,"href":"https:\/\/www.anastasiapopescu.ro\/gradinite\/wp-json\/wp\/v2\/tags?post=1750"}],"curies":[{"name":"wp","href":"https:\/\/api.w.org\/{rel}","templated":true}]}}