{"id":1678,"date":"2019-07-29T13:41:45","date_gmt":"2019-07-29T10:41:45","guid":{"rendered":"https:\/\/www.anastasiapopescu.ro\/gradinite\/?p=1678"},"modified":"2019-07-30T16:51:05","modified_gmt":"2019-07-30T13:51:05","slug":"sustineti-gradinitelor-directionand-2-din-impozitul-anual","status":"publish","type":"post","link":"https:\/\/www.anastasiapopescu.ro\/gradinite\/sustineti-gradinitelor-directionand-2-din-impozitul-anual\/","title":{"rendered":"Sus\u021bine\u021bi activitatea Gr\u0103dini\u021belor direc\u021bion\u00e2nd c\u0103tre Asocia\u021bie 2{cc0261fc3224d9cb73dc47b4c9629c85a9eb56e6d09e36e969ec7eeff50373ba} din impozitul anual"},"content":{"rendered":"\n<p class=\"wp-block-paragraph\">Dragi p\u0103rin\u021bi, dragi prieteni ai Gr\u0103dini\u021belor  <br>\u201e Arc-en-Ciel\u201e   \u0219i ai Liceului Pedagogic \u201eAnastasia Popescu\u201d.<\/p>\n\n\n\n<p class=\"wp-block-paragraph\">Ca \u0219i \u00een anii trecu\u021bi, exist\u0103 posibilitatea sus\u021binerii activit\u0103\u021bilor  gr\u0103dini\u021belor \u0219i \u0219colii prin direc\u021bionarea celor 2{cc0261fc3224d9cb73dc47b4c9629c85a9eb56e6d09e36e969ec7eeff50373ba} c\u0103tre Asocia\u021bia noastr\u0103. \u00cen cazul \u00een care nu a\u021bi redirec\u021bionat cei 2{cc0261fc3224d9cb73dc47b4c9629c85a9eb56e6d09e36e969ec7eeff50373ba} prin Declara\u021bia 230 c\u0103tre o funda\u021bie, asocia\u021bie \u0219i dori\u021bi s\u0103 ne sprijini\u021bi \u00een continuare, v\u0103 rug\u0103m s\u0103 completa\u021bi declara\u021bia ata\u0219at\u0103 \u0219i s\u0103 o depune\u021bi la coordonatorul de centru de care apar\u021bineti, p\u00e2n\u0103 la data de 31 iulie 2019, dup\u0103 ultimele reglement\u0103ri. De acolo, Declara\u021biile vor fi depuse ulterior la Administra\u021bia Fiscal\u0103.<\/p>\n\n\n\n<p class=\"wp-block-paragraph\">Preciz\u0103ri:<\/p>\n\n\n\n<p class=\"wp-block-paragraph\">Aceast\u0103 sum\u0103 nu reprezint\u0103 o sponsorizare sau dona\u021bie privat\u0103 \u0219i nu cost\u0103 nimic. \u00cen cazul \u00een care nu redirec\u021bionati ace\u0219ti 2{cc0261fc3224d9cb73dc47b4c9629c85a9eb56e6d09e36e969ec7eeff50373ba}, banii r\u0103m\u00e2n statului.<br>\nSumele individuale nu sunt mari, \u00eens\u0103, cumulate, pot ajuta la derularea unor proiecte educa\u021bionale.<br>\nDin acest an, formularul este editabil \u0219i direct din tastatur\u0103, dar pute\u021bi s\u0103 \u00eel completa\u021bi \u0219i cu scris de m\u00e2n\u0103 (important e sa fie trecute datele corecte, cu jude\u021b sau sector de domiciliu \u0219i s\u0103 fie semnat).<\/p>\n\n\n\n<p class=\"wp-block-paragraph\">V\u0103 mul\u021bumim pentru sprijinul dumneavoastr\u0103 constant, \u00een efortul comun dedicat copiilor no\u0219tri!<\/p>\n\n\n\n<div class=\"wp-block-file\"><a href=\"https:\/\/www.anastasiapopescu.ro\/gradinite\/wp-content\/uploads\/Declaratia-230.pdf\">Declaratia 230<\/a><a href=\"https:\/\/www.anastasiapopescu.ro\/gradinite\/wp-content\/uploads\/Declaratia-230.pdf\" class=\"wp-block-file__button\" download>Descarc\u0103<\/a><\/div>\n","protected":false},"excerpt":{"rendered":"<p>Dragi p\u0103rin\u021bi, dragi prieteni ai Gr\u0103dini\u021belor \u201e Arc-en-Ciel\u201e \u0219i ai Liceului Pedagogic \u201eAnastasia Popescu\u201d. Ca \u0219i \u00een anii trecu\u021bi, exist\u0103 posibilitatea sus\u021binerii activit\u0103\u021bilor gr\u0103dini\u021belor \u0219i \u0219colii prin direc\u021bionarea celor 2{cc0261fc3224d9cb73dc47b4c9629c85a9eb56e6d09e36e969ec7eeff50373ba} c\u0103tre Asocia\u021bia noastr\u0103. \u00cen cazul \u00een care nu a\u021bi redirec\u021bionat cei 2{cc0261fc3224d9cb73dc47b4c9629c85a9eb56e6d09e36e969ec7eeff50373ba} prin Declara\u021bia 230 c\u0103tre o funda\u021bie, asocia\u021bie \u0219i dori\u021bi s\u0103 ne sprijini\u021bi \u00een [&hellip;]<\/p>\n","protected":false},"author":2,"featured_media":1379,"comment_status":"open","ping_status":"open","sticky":false,"template":"","format":"standard","meta":{"_et_pb_use_builder":"","_et_pb_old_content":"","_et_gb_content_width":"","_crdt_document":"","footnotes":""},"categories":[10],"tags":[70,15,17],"class_list":["post-1678","post","type-post","status-publish","format-standard","has-post-thumbnail","hentry","category-evenimente","tag-2-din-impozitul-anual","tag-gradinitele-arc-en-ciel","tag-liceul-pedagogic-anastasia-popescu"],"_links":{"self":[{"href":"https:\/\/www.anastasiapopescu.ro\/gradinite\/wp-json\/wp\/v2\/posts\/1678","targetHints":{"allow":["GET"]}}],"collection":[{"href":"https:\/\/www.anastasiapopescu.ro\/gradinite\/wp-json\/wp\/v2\/posts"}],"about":[{"href":"https:\/\/www.anastasiapopescu.ro\/gradinite\/wp-json\/wp\/v2\/types\/post"}],"author":[{"embeddable":true,"href":"https:\/\/www.anastasiapopescu.ro\/gradinite\/wp-json\/wp\/v2\/users\/2"}],"replies":[{"embeddable":true,"href":"https:\/\/www.anastasiapopescu.ro\/gradinite\/wp-json\/wp\/v2\/comments?post=1678"}],"version-history":[{"count":0,"href":"https:\/\/www.anastasiapopescu.ro\/gradinite\/wp-json\/wp\/v2\/posts\/1678\/revisions"}],"wp:featuredmedia":[{"embeddable":true,"href":"https:\/\/www.anastasiapopescu.ro\/gradinite\/wp-json\/wp\/v2\/media\/1379"}],"wp:attachment":[{"href":"https:\/\/www.anastasiapopescu.ro\/gradinite\/wp-json\/wp\/v2\/media?parent=1678"}],"wp:term":[{"taxonomy":"category","embeddable":true,"href":"https:\/\/www.anastasiapopescu.ro\/gradinite\/wp-json\/wp\/v2\/categories?post=1678"},{"taxonomy":"post_tag","embeddable":true,"href":"https:\/\/www.anastasiapopescu.ro\/gradinite\/wp-json\/wp\/v2\/tags?post=1678"}],"curies":[{"name":"wp","href":"https:\/\/api.w.org\/{rel}","templated":true}]}}