{"id":1580,"date":"2019-06-17T14:11:19","date_gmt":"2019-06-17T11:11:19","guid":{"rendered":"https:\/\/www.anastasiapopescu.ro\/gradinite\/?p=1580"},"modified":"2019-06-17T16:15:59","modified_gmt":"2019-06-17T13:15:59","slug":"muzica-la-gradinitele-arc-en-ciel","status":"publish","type":"post","link":"https:\/\/www.anastasiapopescu.ro\/gradinite\/muzica-la-gradinitele-arc-en-ciel\/","title":{"rendered":"Muzic\u0103 la Gr\u0103dini\u021bele &#8222;Arc-en-Ciel&#8221;"},"content":{"rendered":"\n<p class=\"wp-block-paragraph\">Potrivit unui studiu, copiii care urmeaz\u0103 cursuri de muzic\u0103 \u00een mod regulat reu\u0219esc s\u0103 ating\u0103 performan\u021be de \u00eenv\u0103\u021bare superioare, comparativ cu \u0219colarii care nu au preocup\u0103ri muzicale. <br>Exper\u021bii spun c\u0103 \u00eentreaga structur\u0103 a creierului se schimb\u0103 pe fondul muzicii create cu ajutorul unui instrument muzical, din acest proces izvor\u00e2nd o serie \u00eentreag\u0103 de beneficii: \u00eembun\u0103t\u0103\u021birea memoriei, o mai buna coordonare corporal\u0103, antrenarea perseveren\u021bei, ameliorarea aptitudinilor matematice,  atingerea unor performan\u021be superioare de \u00eenv\u0103\u021bare. <br>La Gr\u0103dini\u021bele &#8222;Arc-en-Ciel&#8221;, muzica ocup\u0103 un loc foarte important. Pe l\u00e2ng\u0103 orele de muzic\u0103 s\u0103pt\u0103m\u00e2nale, mul\u021bi copii studiaz\u0103 pianul sau vioara, de la cele mai fragede v\u00e2rste. <\/p>\n\n\n\n<figure class=\"wp-block-embed-youtube wp-block-embed is-type-video is-provider-youtube wp-embed-aspect-16-9 wp-has-aspect-ratio\"><div class=\"wp-block-embed__wrapper\">\n<iframe loading=\"lazy\" title=\"Muzica la Gradinitele &quot;Arc-en-ciel&quot;\" width=\"1080\" height=\"608\" src=\"https:\/\/www.youtube.com\/embed\/t5v5_zibJZk?feature=oembed\" frameborder=\"0\" allow=\"accelerometer; autoplay; encrypted-media; gyroscope; picture-in-picture\" allowfullscreen><\/iframe>\n<\/div><\/figure>\n","protected":false},"excerpt":{"rendered":"<p>Potrivit unui studiu, copiii care urmeaz\u0103 cursuri de muzic\u0103 \u00een mod regulat reu\u0219esc s\u0103 ating\u0103 performan\u021be de \u00eenv\u0103\u021bare superioare, comparativ cu \u0219colarii care nu au preocup\u0103ri muzicale. Exper\u021bii spun c\u0103 \u00eentreaga structur\u0103 a creierului se schimb\u0103 pe fondul muzicii create cu ajutorul unui instrument muzical, din acest proces izvor\u00e2nd o serie \u00eentreag\u0103 de beneficii: \u00eembun\u0103t\u0103\u021birea [&hellip;]<\/p>\n","protected":false},"author":2,"featured_media":1581,"comment_status":"open","ping_status":"open","sticky":false,"template":"","format":"standard","meta":{"_et_pb_use_builder":"","_et_pb_old_content":"","_et_gb_content_width":"","_crdt_document":"","footnotes":""},"categories":[10],"tags":[15,17,57,58],"class_list":["post-1580","post","type-post","status-publish","format-standard","has-post-thumbnail","hentry","category-evenimente","tag-gradinitele-arc-en-ciel","tag-liceul-pedagogic-anastasia-popescu","tag-muzica-pentru-copii","tag-vioara"],"_links":{"self":[{"href":"https:\/\/www.anastasiapopescu.ro\/gradinite\/wp-json\/wp\/v2\/posts\/1580","targetHints":{"allow":["GET"]}}],"collection":[{"href":"https:\/\/www.anastasiapopescu.ro\/gradinite\/wp-json\/wp\/v2\/posts"}],"about":[{"href":"https:\/\/www.anastasiapopescu.ro\/gradinite\/wp-json\/wp\/v2\/types\/post"}],"author":[{"embeddable":true,"href":"https:\/\/www.anastasiapopescu.ro\/gradinite\/wp-json\/wp\/v2\/users\/2"}],"replies":[{"embeddable":true,"href":"https:\/\/www.anastasiapopescu.ro\/gradinite\/wp-json\/wp\/v2\/comments?post=1580"}],"version-history":[{"count":0,"href":"https:\/\/www.anastasiapopescu.ro\/gradinite\/wp-json\/wp\/v2\/posts\/1580\/revisions"}],"wp:featuredmedia":[{"embeddable":true,"href":"https:\/\/www.anastasiapopescu.ro\/gradinite\/wp-json\/wp\/v2\/media\/1581"}],"wp:attachment":[{"href":"https:\/\/www.anastasiapopescu.ro\/gradinite\/wp-json\/wp\/v2\/media?parent=1580"}],"wp:term":[{"taxonomy":"category","embeddable":true,"href":"https:\/\/www.anastasiapopescu.ro\/gradinite\/wp-json\/wp\/v2\/categories?post=1580"},{"taxonomy":"post_tag","embeddable":true,"href":"https:\/\/www.anastasiapopescu.ro\/gradinite\/wp-json\/wp\/v2\/tags?post=1580"}],"curies":[{"name":"wp","href":"https:\/\/api.w.org\/{rel}","templated":true}]}}