{"id":1555,"date":"2019-04-25T12:11:34","date_gmt":"2019-04-25T09:11:34","guid":{"rendered":"https:\/\/www.anastasiapopescu.ro\/gradinite\/?p=1555"},"modified":"2019-04-25T13:25:54","modified_gmt":"2019-04-25T10:25:54","slug":"in-vizita-la-fabrica-de-jucarii","status":"publish","type":"post","link":"https:\/\/www.anastasiapopescu.ro\/gradinite\/in-vizita-la-fabrica-de-jucarii\/","title":{"rendered":"\u00cen vizit\u0103 la Fabrica de juc\u0103rii"},"content":{"rendered":"\n<p class=\"wp-block-paragraph\">V\u0103 plac juc\u0103riile?<br>Nou\u0103 ne plac foarte mult.<br>P\u0103pu\u0219i, ma\u0219inu\u021be, anim\u0103lu\u021be, avioane\u2026<br>Dar oare cum se fac juc\u0103riile?<br>Pentru a afla, copiii de la Gr\u0103dini\u021bele &#8222;Arc-en-Ciel&#8221; s-au dus direct la surs\u0103: la Fabrica de juc\u0103rii.<br>\u0218i aceast\u0103 activitate a fost inspirat\u0103 tot de activit\u0103\u021bile de formare din cadrul proiectului Educa\u021bie +, finan\u021bat de Comisia European\u0103 prin programul Erasmus +.<\/p>\n\n\n\n<figure class=\"wp-block-embed-youtube wp-block-embed is-type-video is-provider-youtube wp-embed-aspect-16-9 wp-has-aspect-ratio\"><div class=\"wp-block-embed__wrapper\">\n<iframe loading=\"lazy\" width=\"1080\" height=\"608\" src=\"https:\/\/www.youtube.com\/embed\/yjK1g-7sJkk?feature=oembed\" frameborder=\"0\" allow=\"accelerometer; autoplay; encrypted-media; gyroscope; picture-in-picture\" allowfullscreen><\/iframe>\n<\/div><\/figure>\n","protected":false},"excerpt":{"rendered":"<p>V\u0103 plac juc\u0103riile?Nou\u0103 ne plac foarte mult.P\u0103pu\u0219i, ma\u0219inu\u021be, anim\u0103lu\u021be, avioane\u2026Dar oare cum se fac juc\u0103riile?Pentru a afla, copiii de la Gr\u0103dini\u021bele &#8222;Arc-en-Ciel&#8221; s-au dus direct la surs\u0103: la Fabrica de juc\u0103rii.\u0218i aceast\u0103 activitate a fost inspirat\u0103 tot de activit\u0103\u021bile de formare din cadrul proiectului Educa\u021bie +, finan\u021bat de Comisia European\u0103 prin programul Erasmus +.<\/p>\n","protected":false},"author":2,"featured_media":1556,"comment_status":"open","ping_status":"open","sticky":false,"template":"","format":"standard","meta":{"_et_pb_use_builder":"","_et_pb_old_content":"","_et_gb_content_width":"","_crdt_document":"","footnotes":""},"categories":[10],"tags":[50,49,51,15],"class_list":["post-1555","post","type-post","status-publish","format-standard","has-post-thumbnail","hentry","category-evenimente","tag-educatie","tag-erasmus","tag-fabrica-de-jucarii","tag-gradinitele-arc-en-ciel"],"_links":{"self":[{"href":"https:\/\/www.anastasiapopescu.ro\/gradinite\/wp-json\/wp\/v2\/posts\/1555","targetHints":{"allow":["GET"]}}],"collection":[{"href":"https:\/\/www.anastasiapopescu.ro\/gradinite\/wp-json\/wp\/v2\/posts"}],"about":[{"href":"https:\/\/www.anastasiapopescu.ro\/gradinite\/wp-json\/wp\/v2\/types\/post"}],"author":[{"embeddable":true,"href":"https:\/\/www.anastasiapopescu.ro\/gradinite\/wp-json\/wp\/v2\/users\/2"}],"replies":[{"embeddable":true,"href":"https:\/\/www.anastasiapopescu.ro\/gradinite\/wp-json\/wp\/v2\/comments?post=1555"}],"version-history":[{"count":0,"href":"https:\/\/www.anastasiapopescu.ro\/gradinite\/wp-json\/wp\/v2\/posts\/1555\/revisions"}],"wp:featuredmedia":[{"embeddable":true,"href":"https:\/\/www.anastasiapopescu.ro\/gradinite\/wp-json\/wp\/v2\/media\/1556"}],"wp:attachment":[{"href":"https:\/\/www.anastasiapopescu.ro\/gradinite\/wp-json\/wp\/v2\/media?parent=1555"}],"wp:term":[{"taxonomy":"category","embeddable":true,"href":"https:\/\/www.anastasiapopescu.ro\/gradinite\/wp-json\/wp\/v2\/categories?post=1555"},{"taxonomy":"post_tag","embeddable":true,"href":"https:\/\/www.anastasiapopescu.ro\/gradinite\/wp-json\/wp\/v2\/tags?post=1555"}],"curies":[{"name":"wp","href":"https:\/\/api.w.org\/{rel}","templated":true}]}}