{"id":1550,"date":"2019-04-24T12:18:08","date_gmt":"2019-04-24T09:18:08","guid":{"rendered":"https:\/\/www.anastasiapopescu.ro\/gradinite\/?p=1550"},"modified":"2019-04-25T13:11:17","modified_gmt":"2019-04-25T10:11:17","slug":"ora-de-stiinte-oraselul-cunoasterii","status":"publish","type":"post","link":"https:\/\/www.anastasiapopescu.ro\/gradinite\/ora-de-stiinte-oraselul-cunoasterii\/","title":{"rendered":"Ora de \u0219tiin\u021be \u00een Or\u0103\u0219elul Cunoa\u0219terii"},"content":{"rendered":"\n<p class=\"wp-block-paragraph\">\u201eElevul se dezvolt\u0103 prin experimentele pe care le face \u015fi nu prin acelea care se fac \u00een fa\u0163a lui.\u201d (prof. Ioan Cerghit) <\/p>\n\n\n\n<p class=\"wp-block-paragraph\">A\u0219a spun \u0219i copiii de la grupa Buburuzelor a Gr\u0103dini\u021belor Arc-en-Ciel, care \u0219i-au desf\u0103\u0219urat ora de \u0219tiin\u021be \u00een Or\u0103\u0219elul Cunoa\u0219terii.<br>Proiectul Educa\u021bie +, finan\u021bat  prin programul Erasmus +, \u00ee\u0219i pune amprenta din ce \u00een ce mai mult asupra vie\u021bii din \u0219coala noastr\u0103, datorit\u0103 atelierelor de metode \u0219i activit\u0103\u021bilor de formare continu\u0103 la care au participat profesorii. <\/p>\n\n\n\n<figure class=\"wp-block-embed-youtube wp-block-embed is-type-video is-provider-youtube wp-embed-aspect-16-9 wp-has-aspect-ratio\"><div class=\"wp-block-embed__wrapper\">\n<iframe loading=\"lazy\" width=\"1080\" height=\"608\" src=\"https:\/\/www.youtube.com\/embed\/B8-zwbADShc?feature=oembed\" frameborder=\"0\" allow=\"accelerometer; autoplay; encrypted-media; gyroscope; picture-in-picture\" allowfullscreen><\/iframe>\n<\/div><\/figure>\n","protected":false},"excerpt":{"rendered":"<p>\u201eElevul se dezvolt\u0103 prin experimentele pe care le face \u015fi nu prin acelea care se fac \u00een fa\u0163a lui.\u201d (prof. Ioan Cerghit) A\u0219a spun \u0219i copiii de la grupa Buburuzelor a Gr\u0103dini\u021belor Arc-en-Ciel, care \u0219i-au desf\u0103\u0219urat ora de \u0219tiin\u021be \u00een Or\u0103\u0219elul Cunoa\u0219terii.Proiectul Educa\u021bie +, finan\u021bat prin programul Erasmus +, \u00ee\u0219i pune amprenta din ce \u00een [&hellip;]<\/p>\n","protected":false},"author":2,"featured_media":1551,"comment_status":"open","ping_status":"open","sticky":false,"template":"","format":"standard","meta":{"_et_pb_use_builder":"","_et_pb_old_content":"","_et_gb_content_width":"","_crdt_document":"","footnotes":""},"categories":[10],"tags":[50,49,15,48],"class_list":["post-1550","post","type-post","status-publish","format-standard","has-post-thumbnail","hentry","category-evenimente","tag-educatie","tag-erasmus","tag-gradinitele-arc-en-ciel","tag-oraselul-cunoasterii"],"_links":{"self":[{"href":"https:\/\/www.anastasiapopescu.ro\/gradinite\/wp-json\/wp\/v2\/posts\/1550","targetHints":{"allow":["GET"]}}],"collection":[{"href":"https:\/\/www.anastasiapopescu.ro\/gradinite\/wp-json\/wp\/v2\/posts"}],"about":[{"href":"https:\/\/www.anastasiapopescu.ro\/gradinite\/wp-json\/wp\/v2\/types\/post"}],"author":[{"embeddable":true,"href":"https:\/\/www.anastasiapopescu.ro\/gradinite\/wp-json\/wp\/v2\/users\/2"}],"replies":[{"embeddable":true,"href":"https:\/\/www.anastasiapopescu.ro\/gradinite\/wp-json\/wp\/v2\/comments?post=1550"}],"version-history":[{"count":0,"href":"https:\/\/www.anastasiapopescu.ro\/gradinite\/wp-json\/wp\/v2\/posts\/1550\/revisions"}],"wp:featuredmedia":[{"embeddable":true,"href":"https:\/\/www.anastasiapopescu.ro\/gradinite\/wp-json\/wp\/v2\/media\/1551"}],"wp:attachment":[{"href":"https:\/\/www.anastasiapopescu.ro\/gradinite\/wp-json\/wp\/v2\/media?parent=1550"}],"wp:term":[{"taxonomy":"category","embeddable":true,"href":"https:\/\/www.anastasiapopescu.ro\/gradinite\/wp-json\/wp\/v2\/categories?post=1550"},{"taxonomy":"post_tag","embeddable":true,"href":"https:\/\/www.anastasiapopescu.ro\/gradinite\/wp-json\/wp\/v2\/tags?post=1550"}],"curies":[{"name":"wp","href":"https:\/\/api.w.org\/{rel}","templated":true}]}}