{"id":1393,"date":"2019-03-18T02:05:28","date_gmt":"2019-03-17T23:05:28","guid":{"rendered":"https:\/\/www.anastasiapopescu.ro\/gradinite\/?p=1393"},"modified":"2019-03-22T17:47:21","modified_gmt":"2019-03-22T14:47:21","slug":"lucrari-de-primavara-la-grupa-buburuzelor","status":"publish","type":"post","link":"https:\/\/www.anastasiapopescu.ro\/gradinite\/lucrari-de-primavara-la-grupa-buburuzelor\/","title":{"rendered":"Lucr\u0103ri de prim\u0103var\u0103 la grupa Buburuzelor"},"content":{"rendered":"\n<p class=\"wp-block-paragraph\">Activitate de prim\u0103var\u0103. Buburuzele de la Gr\u0103dini\u0163ele &#8222;Arc-en-Ciel&#8221; c\u00e2nt\u0103, r\u00e2d \u0219i&#8230; lucreaz\u0103. Cuiburi de p\u0103s\u0103rele r\u0103sar din m\u00e2nu\u021bele lor pricepute.<br>Die Marienk\u00e4fern\u00a0\ud83d\udc1e\u00a0singen\u00a0\ud83c\udfb5\u00a0und basteln \u201eAlle V\u00f6gel sind schon da!\u201c. <\/p>\n\n\n\n<figure class=\"wp-block-image\"><img loading=\"lazy\" decoding=\"async\" width=\"480\" height=\"640\" src=\"https:\/\/www.anastasiapopescu.ro\/gradinite\/wp-content\/uploads\/lpgb-18mar2019-1.jpg\" alt=\"\" class=\"wp-image-1394\" srcset=\"https:\/\/www.anastasiapopescu.ro\/gradinite\/wp-content\/uploads\/lpgb-18mar2019-1.jpg 480w, https:\/\/www.anastasiapopescu.ro\/gradinite\/wp-content\/uploads\/lpgb-18mar2019-1-240x320.jpg 240w\" sizes=\"(max-width: 480px) 100vw, 480px\" \/><\/figure>\n\n\n\n<figure class=\"wp-block-image\"><img loading=\"lazy\" decoding=\"async\" width=\"480\" height=\"640\" src=\"https:\/\/www.anastasiapopescu.ro\/gradinite\/wp-content\/uploads\/lpgb-18mar2019-2.jpg\" alt=\"\" class=\"wp-image-1395\" srcset=\"https:\/\/www.anastasiapopescu.ro\/gradinite\/wp-content\/uploads\/lpgb-18mar2019-2.jpg 480w, https:\/\/www.anastasiapopescu.ro\/gradinite\/wp-content\/uploads\/lpgb-18mar2019-2-240x320.jpg 240w\" sizes=\"(max-width: 480px) 100vw, 480px\" \/><\/figure>\n\n\n\n<figure class=\"wp-block-image\"><img loading=\"lazy\" decoding=\"async\" width=\"480\" height=\"640\" src=\"https:\/\/www.anastasiapopescu.ro\/gradinite\/wp-content\/uploads\/lpgb-18mar2019-3.jpg\" alt=\"\" class=\"wp-image-1396\" srcset=\"https:\/\/www.anastasiapopescu.ro\/gradinite\/wp-content\/uploads\/lpgb-18mar2019-3.jpg 480w, https:\/\/www.anastasiapopescu.ro\/gradinite\/wp-content\/uploads\/lpgb-18mar2019-3-240x320.jpg 240w\" sizes=\"(max-width: 480px) 100vw, 480px\" \/><\/figure>\n\n\n\n<figure class=\"wp-block-image\"><img loading=\"lazy\" decoding=\"async\" width=\"640\" height=\"452\" src=\"https:\/\/www.anastasiapopescu.ro\/gradinite\/wp-content\/uploads\/lpgb-18mar2019-4.jpg\" alt=\"\" class=\"wp-image-1397\" srcset=\"https:\/\/www.anastasiapopescu.ro\/gradinite\/wp-content\/uploads\/lpgb-18mar2019-4.jpg 640w, https:\/\/www.anastasiapopescu.ro\/gradinite\/wp-content\/uploads\/lpgb-18mar2019-4-320x226.jpg 320w, https:\/\/www.anastasiapopescu.ro\/gradinite\/wp-content\/uploads\/lpgb-18mar2019-4-400x284.jpg 400w\" sizes=\"(max-width: 640px) 100vw, 640px\" \/><\/figure>\n","protected":false},"excerpt":{"rendered":"<p>Activitate de prim\u0103var\u0103. Buburuzele de la Gr\u0103dini\u0163ele &#8222;Arc-en-Ciel&#8221; c\u00e2nt\u0103, r\u00e2d \u0219i&#8230; lucreaz\u0103. Cuiburi de p\u0103s\u0103rele r\u0103sar din m\u00e2nu\u021bele lor pricepute.Die Marienk\u00e4fern\u00a0\ud83d\udc1e\u00a0singen\u00a0\ud83c\udfb5\u00a0und basteln \u201eAlle V\u00f6gel sind schon da!\u201c.<\/p>\n","protected":false},"author":2,"featured_media":1399,"comment_status":"open","ping_status":"open","sticky":false,"template":"","format":"standard","meta":{"_et_pb_use_builder":"off","_et_pb_old_content":"","_et_gb_content_width":"","_crdt_document":"","footnotes":""},"categories":[10],"tags":[41,15,17],"class_list":["post-1393","post","type-post","status-publish","format-standard","has-post-thumbnail","hentry","category-evenimente","tag-activitati-pentru-copii","tag-gradinitele-arc-en-ciel","tag-liceul-pedagogic-anastasia-popescu"],"_links":{"self":[{"href":"https:\/\/www.anastasiapopescu.ro\/gradinite\/wp-json\/wp\/v2\/posts\/1393","targetHints":{"allow":["GET"]}}],"collection":[{"href":"https:\/\/www.anastasiapopescu.ro\/gradinite\/wp-json\/wp\/v2\/posts"}],"about":[{"href":"https:\/\/www.anastasiapopescu.ro\/gradinite\/wp-json\/wp\/v2\/types\/post"}],"author":[{"embeddable":true,"href":"https:\/\/www.anastasiapopescu.ro\/gradinite\/wp-json\/wp\/v2\/users\/2"}],"replies":[{"embeddable":true,"href":"https:\/\/www.anastasiapopescu.ro\/gradinite\/wp-json\/wp\/v2\/comments?post=1393"}],"version-history":[{"count":0,"href":"https:\/\/www.anastasiapopescu.ro\/gradinite\/wp-json\/wp\/v2\/posts\/1393\/revisions"}],"wp:featuredmedia":[{"embeddable":true,"href":"https:\/\/www.anastasiapopescu.ro\/gradinite\/wp-json\/wp\/v2\/media\/1399"}],"wp:attachment":[{"href":"https:\/\/www.anastasiapopescu.ro\/gradinite\/wp-json\/wp\/v2\/media?parent=1393"}],"wp:term":[{"taxonomy":"category","embeddable":true,"href":"https:\/\/www.anastasiapopescu.ro\/gradinite\/wp-json\/wp\/v2\/categories?post=1393"},{"taxonomy":"post_tag","embeddable":true,"href":"https:\/\/www.anastasiapopescu.ro\/gradinite\/wp-json\/wp\/v2\/tags?post=1393"}],"curies":[{"name":"wp","href":"https:\/\/api.w.org\/{rel}","templated":true}]}}