{"id":1389,"date":"2019-03-20T19:18:42","date_gmt":"2019-03-20T16:18:42","guid":{"rendered":"https:\/\/www.anastasiapopescu.ro\/gradinite\/?p=1389"},"modified":"2019-07-02T13:42:13","modified_gmt":"2019-07-02T10:42:13","slug":"eveniment-dedicat-bunei-vestiri","status":"publish","type":"post","link":"https:\/\/www.anastasiapopescu.ro\/gradinite\/eveniment-dedicat-bunei-vestiri\/","title":{"rendered":"Eveniment dedicat Bunei Vestiri"},"content":{"rendered":"\n<p class=\"wp-block-paragraph\">V\u0103 invit\u0103m la evenimentul pe care, ca \u00een fiecare an, Liceul Pedagogic &#8222;Anastasia Popescu&#8221; \u00eel dedic\u0103, de Buna Vestire, mamelor, bunicilor \u0219i tuturor doamnelor dragi din sufletul nostru.<\/p>\n\n\n\n<p class=\"wp-block-paragraph\">O expozi\u021bie de icoane pe sticl\u0103 (cu lucr\u0103ri ale copiilor \u00eendruma\u021bi de prof. Maria Roxana Cioat\u0103) \u0219i un concert  sus\u021binut de Corul &#8222;Sf\u00e2nta Elisabeta&#8221; (condus de prof. Gra\u021biela  Popescu \u0219i acompaniat de prof. Andreea Florea-\u0218erb\u0103nescu) \u0219i de grupul  &#8222;Pove\u0219ti s\u0103 cre\u0219ti&#8221; (coordonat de scriitoarea Ivona Boitan) vor  aduce emo\u021bia prim\u0103verii, a maternit\u0103\u021bii \u0219i a vestirii na\u0219terii M\u00e2ntuitorului \u00een inimile spectatorilor.<\/p>\n\n\n\n<p class=\"wp-block-paragraph\">V\u0103 a\u0219tept\u0103m cu drag! Luni, 25 martie 2019, de la ora 17,30 la Biblioteca Central\u0103 Universitar\u0103, \u00een sala Aula Magna.<\/p>\n\n\n\n<figure class=\"wp-block-image\"><img decoding=\"async\" src=\"https:\/\/www.anastasiapopescu.ro\/scoala\/wp-content\/uploads\/bunavestire-2019-900x392.png\" alt=\"\" class=\"wp-image-1677\"\/><\/figure>\n\n\n<p><!--EndFragment--><\/p>\n<p><\/p>","protected":false},"excerpt":{"rendered":"<p>V\u0103 invit\u0103m la evenimentul pe care, ca \u00een fiecare an, Liceul Pedagogic &#8222;Anastasia Popescu&#8221; \u00eel dedic\u0103, de Buna Vestire, mamelor, bunicilor \u0219i tuturor doamnelor dragi din sufletul nostru. O expozi\u021bie de icoane pe sticl\u0103 (cu lucr\u0103ri ale copiilor \u00eendruma\u021bi de prof. Maria Roxana Cioat\u0103) \u0219i un concert sus\u021binut de Corul &#8222;Sf\u00e2nta Elisabeta&#8221; (condus de prof. [&hellip;]<\/p>\n","protected":false},"author":2,"featured_media":1390,"comment_status":"open","ping_status":"open","sticky":false,"template":"","format":"standard","meta":{"_et_pb_use_builder":"off","_et_pb_old_content":"","_et_gb_content_width":"","_crdt_document":"","footnotes":""},"categories":[10],"tags":[40,38,15,39,17],"class_list":["post-1389","post","type-post","status-publish","format-standard","has-post-thumbnail","hentry","category-evenimente","tag-buna-vestire","tag-corul-sfanta-elisabeta","tag-gradinitele-arc-en-ciel","tag-icoane-pe-sticla","tag-liceul-pedagogic-anastasia-popescu"],"_links":{"self":[{"href":"https:\/\/www.anastasiapopescu.ro\/gradinite\/wp-json\/wp\/v2\/posts\/1389","targetHints":{"allow":["GET"]}}],"collection":[{"href":"https:\/\/www.anastasiapopescu.ro\/gradinite\/wp-json\/wp\/v2\/posts"}],"about":[{"href":"https:\/\/www.anastasiapopescu.ro\/gradinite\/wp-json\/wp\/v2\/types\/post"}],"author":[{"embeddable":true,"href":"https:\/\/www.anastasiapopescu.ro\/gradinite\/wp-json\/wp\/v2\/users\/2"}],"replies":[{"embeddable":true,"href":"https:\/\/www.anastasiapopescu.ro\/gradinite\/wp-json\/wp\/v2\/comments?post=1389"}],"version-history":[{"count":0,"href":"https:\/\/www.anastasiapopescu.ro\/gradinite\/wp-json\/wp\/v2\/posts\/1389\/revisions"}],"wp:featuredmedia":[{"embeddable":true,"href":"https:\/\/www.anastasiapopescu.ro\/gradinite\/wp-json\/wp\/v2\/media\/1390"}],"wp:attachment":[{"href":"https:\/\/www.anastasiapopescu.ro\/gradinite\/wp-json\/wp\/v2\/media?parent=1389"}],"wp:term":[{"taxonomy":"category","embeddable":true,"href":"https:\/\/www.anastasiapopescu.ro\/gradinite\/wp-json\/wp\/v2\/categories?post=1389"},{"taxonomy":"post_tag","embeddable":true,"href":"https:\/\/www.anastasiapopescu.ro\/gradinite\/wp-json\/wp\/v2\/tags?post=1389"}],"curies":[{"name":"wp","href":"https:\/\/api.w.org\/{rel}","templated":true}]}}