{"id":1300,"date":"2019-01-21T22:58:17","date_gmt":"2019-01-21T19:58:17","guid":{"rendered":"https:\/\/www.anastasiapopescu.ro\/gradinite\/?p=1300"},"modified":"2019-02-17T23:30:05","modified_gmt":"2019-02-17T20:30:05","slug":"ora-povestilor","status":"publish","type":"post","link":"https:\/\/www.anastasiapopescu.ro\/gradinite\/ora-povestilor\/","title":{"rendered":"Ora pove\u0219tilor"},"content":{"rendered":"\n<p class=\"wp-block-paragraph\">Ora pove\u0219tilor la grupa Minnie, de la Gr\u0103dini\u021bele \u201eArc-en-Ciel\u201d, nu \u00eenseamn\u0103 numai lectur\u0103!<br>La noi \u00een clas\u0103 au poposit personaje minunate, care ne \u00eenva\u021b\u0103 s\u0103 spunem \u0219i s\u0103 ascult\u0103m basme, iar scena \u00een miniatur\u0103 \u00eei face pe copii s\u0103 se simt\u0103 ca la teatru.\u00a0<br>Apoi, ei \u00een\u0219i\u0219i \u00eenva\u021b\u0103 s\u0103 m\u00e2nuiasc\u0103 p\u0103pu\u0219ile.\u00a0<br>Crede\u021bi-ne, este cel mai \u00eendr\u0103git moment al zilei! <\/p>\n\n\n\n<figure class=\"wp-block-image\"><img loading=\"lazy\" decoding=\"async\" width=\"670\" height=\"900\" src=\"https:\/\/www.anastasiapopescu.ro\/gradinite\/wp-content\/uploads\/op-21ian2019-1-670x900.jpg\" alt=\"\" class=\"wp-image-1302\" srcset=\"https:\/\/www.anastasiapopescu.ro\/gradinite\/wp-content\/uploads\/op-21ian2019-1-670x900.jpg 670w, https:\/\/www.anastasiapopescu.ro\/gradinite\/wp-content\/uploads\/op-21ian2019-1-238x320.jpg 238w, https:\/\/www.anastasiapopescu.ro\/gradinite\/wp-content\/uploads\/op-21ian2019-1-768x1031.jpg 768w, https:\/\/www.anastasiapopescu.ro\/gradinite\/wp-content\/uploads\/op-21ian2019-1.jpg 800w\" sizes=\"(max-width: 670px) 100vw, 670px\" \/><\/figure>\n\n\n\n<figure class=\"wp-block-image\"><img loading=\"lazy\" decoding=\"async\" width=\"670\" height=\"900\" src=\"https:\/\/www.anastasiapopescu.ro\/gradinite\/wp-content\/uploads\/op-21ian2019-2-670x900.jpg\" alt=\"\" class=\"wp-image-1303\" srcset=\"https:\/\/www.anastasiapopescu.ro\/gradinite\/wp-content\/uploads\/op-21ian2019-2-670x900.jpg 670w, https:\/\/www.anastasiapopescu.ro\/gradinite\/wp-content\/uploads\/op-21ian2019-2-238x320.jpg 238w, https:\/\/www.anastasiapopescu.ro\/gradinite\/wp-content\/uploads\/op-21ian2019-2-768x1031.jpg 768w, https:\/\/www.anastasiapopescu.ro\/gradinite\/wp-content\/uploads\/op-21ian2019-2.jpg 800w\" sizes=\"(max-width: 670px) 100vw, 670px\" \/><\/figure>\n\n\n\n<figure class=\"wp-block-image\"><img loading=\"lazy\" decoding=\"async\" width=\"751\" height=\"900\" src=\"https:\/\/www.anastasiapopescu.ro\/gradinite\/wp-content\/uploads\/op-21ian2019-3-751x900.jpg\" alt=\"\" class=\"wp-image-1304\" srcset=\"https:\/\/www.anastasiapopescu.ro\/gradinite\/wp-content\/uploads\/op-21ian2019-3-751x900.jpg 751w, https:\/\/www.anastasiapopescu.ro\/gradinite\/wp-content\/uploads\/op-21ian2019-3-267x320.jpg 267w, https:\/\/www.anastasiapopescu.ro\/gradinite\/wp-content\/uploads\/op-21ian2019-3-768x921.jpg 768w, https:\/\/www.anastasiapopescu.ro\/gradinite\/wp-content\/uploads\/op-21ian2019-3.jpg 799w\" sizes=\"(max-width: 751px) 100vw, 751px\" \/><\/figure>\n","protected":false},"excerpt":{"rendered":"<p>Ora pove\u0219tilor la grupa Minnie, de la Gr\u0103dini\u021bele \u201eArc-en-Ciel\u201d, nu \u00eenseamn\u0103 numai lectur\u0103!La noi \u00een clas\u0103 au poposit personaje minunate, care ne \u00eenva\u021b\u0103 s\u0103 spunem \u0219i s\u0103 ascult\u0103m basme, iar scena \u00een miniatur\u0103 \u00eei face pe copii s\u0103 se simt\u0103 ca la teatru.\u00a0Apoi, ei \u00een\u0219i\u0219i \u00eenva\u021b\u0103 s\u0103 m\u00e2nuiasc\u0103 p\u0103pu\u0219ile.\u00a0Crede\u021bi-ne, este cel mai \u00eendr\u0103git moment al [&hellip;]<\/p>\n","protected":false},"author":2,"featured_media":1301,"comment_status":"open","ping_status":"open","sticky":false,"template":"","format":"standard","meta":{"_et_pb_use_builder":"off","_et_pb_old_content":"","_et_gb_content_width":"","_crdt_document":"","footnotes":""},"categories":[10],"tags":[15,29,30,31],"class_list":["post-1300","post","type-post","status-publish","format-standard","has-post-thumbnail","hentry","category-evenimente","tag-gradinitele-arc-en-ciel","tag-grupa-minnie","tag-povesti","tag-teatru"],"_links":{"self":[{"href":"https:\/\/www.anastasiapopescu.ro\/gradinite\/wp-json\/wp\/v2\/posts\/1300","targetHints":{"allow":["GET"]}}],"collection":[{"href":"https:\/\/www.anastasiapopescu.ro\/gradinite\/wp-json\/wp\/v2\/posts"}],"about":[{"href":"https:\/\/www.anastasiapopescu.ro\/gradinite\/wp-json\/wp\/v2\/types\/post"}],"author":[{"embeddable":true,"href":"https:\/\/www.anastasiapopescu.ro\/gradinite\/wp-json\/wp\/v2\/users\/2"}],"replies":[{"embeddable":true,"href":"https:\/\/www.anastasiapopescu.ro\/gradinite\/wp-json\/wp\/v2\/comments?post=1300"}],"version-history":[{"count":0,"href":"https:\/\/www.anastasiapopescu.ro\/gradinite\/wp-json\/wp\/v2\/posts\/1300\/revisions"}],"wp:featuredmedia":[{"embeddable":true,"href":"https:\/\/www.anastasiapopescu.ro\/gradinite\/wp-json\/wp\/v2\/media\/1301"}],"wp:attachment":[{"href":"https:\/\/www.anastasiapopescu.ro\/gradinite\/wp-json\/wp\/v2\/media?parent=1300"}],"wp:term":[{"taxonomy":"category","embeddable":true,"href":"https:\/\/www.anastasiapopescu.ro\/gradinite\/wp-json\/wp\/v2\/categories?post=1300"},{"taxonomy":"post_tag","embeddable":true,"href":"https:\/\/www.anastasiapopescu.ro\/gradinite\/wp-json\/wp\/v2\/tags?post=1300"}],"curies":[{"name":"wp","href":"https:\/\/api.w.org\/{rel}","templated":true}]}}